{"id":2301,"date":"2020-05-05T11:26:14","date_gmt":"2020-05-05T09:26:14","guid":{"rendered":"http:\/\/www.eoiestepona.org\/web\/?p=2301"},"modified":"2021-04-30T19:32:01","modified_gmt":"2021-04-30T17:32:01","slug":"reflejos-del-jardin-de-jose-fernandez-rios","status":"publish","type":"post","link":"https:\/\/www.eoiestepona.org\/web\/reflejos-del-jardin-de-jose-fernandez-rios\/","title":{"rendered":"REFLEJOS DEL JARD\u00cdN de Jos\u00e9 Fern\u00e1ndez R\u00edos."},"content":{"rendered":"\n<p>REFLEJOS DEL JARD\u00cdN de Jos\u00e9 Fern\u00e1ndez R\u00edos. Parque Bot\u00e1nico y Orquidario. <\/p>\n\n\n\n<p><strong>REFLETS DU JARDIN (PAQUI\nMATEO SOTO \u2013 C1)<\/strong><\/p>\n\n\n\n<div class=\"wp-block-image\"><figure class=\"alignright size-large is-resized\"><img loading=\"lazy\" decoding=\"async\" src=\"http:\/\/www.eoiestepona.org\/web\/wp-content\/uploads\/2021\/04\/20210430_094828.jpg\" alt=\"\" class=\"wp-image-3400\" width=\"246\" height=\"328\" srcset=\"https:\/\/www.eoiestepona.org\/web\/wp-content\/uploads\/2021\/04\/20210430_094828.jpg 336w, https:\/\/www.eoiestepona.org\/web\/wp-content\/uploads\/2021\/04\/20210430_094828-225x300.jpg 225w\" sizes=\"auto, (max-width: 246px) 100vw, 246px\" \/><\/figure><\/div>\n\n\n\n<p>Cette belle\npeinture murale repr\u00e9sente des palmiers et des bougainvilliers. C&#8217;est l&#8217;\u0153uvre\ndu g\u00e9nie hyperr\u00e9aliste Jos\u00e9 Fern\u00e1ndez Rios.<\/p>\n\n\n\n<p>Le r\u00e9alisme est r\u00e9ussi\ndans cette peinture. Les dimensions des plantes, l&#8217;endroit o\u00f9 elles ont \u00e9t\u00e9\npeintes, leurs teintes chaudes et leurs couleurs douces la font se fondre dans\nl&#8217;entourage. Plus on s&#8217;\u00e9loigne, plus les plantes se fondent dans\nl&#8217;environnement jusqu&#8217;\u00e0 ce qu&#8217;elles semblent r\u00e9elles.<\/p>\n\n\n\n<p>Depuis sa\ncr\u00e9ation, j&#8217;ai ador\u00e9 ce chef d&#8217;\u0153uvre. Avant d&#8217;embellir la place avec de vraies\nplantes, ce peintre a amen\u00e9 la nature dans ce lieu. Chaque fois que je la vois,\n\u00e7a me fait sentir la beaut\u00e9. Je ressens la certitude que le m\u00e9lange du ciment\net de la nature est possible, que l&#8217;homme peut construire des villes plus\nvertes. <\/p>\n\n\n\n<p>Cela me fait sentir de l&#8217;espoir en l&#8217;humanit\u00e9.<\/p>\n\n\n\n<p><strong>REFLETS DU JARDIN (ADRIANA BOBALIKOVA &#8211; B2.1)<\/strong><\/p>\n\n\n\n<div class=\"wp-block-image\"><figure class=\"alignleft size-large is-resized\"><img loading=\"lazy\" decoding=\"async\" src=\"http:\/\/www.eoiestepona.org\/web\/wp-content\/uploads\/2021\/04\/20210430_094852.jpg\" alt=\"\" class=\"wp-image-3401\" width=\"286\" height=\"215\" srcset=\"https:\/\/www.eoiestepona.org\/web\/wp-content\/uploads\/2021\/04\/20210430_094852.jpg 448w, https:\/\/www.eoiestepona.org\/web\/wp-content\/uploads\/2021\/04\/20210430_094852-300x225.jpg 300w\" sizes=\"auto, (max-width: 286px) 100vw, 286px\" \/><\/figure><\/div>\n\n\n\n<p>Une peinture murale repr\u00e9sent\u00e9e dans sept b\u00e2timents qui compl\u00e8tent le merveilleux environnement du Parc Botanique. Le cr\u00e9ateur Jos\u00e9 Fernand\u00e9z Rios s\u2019est inspir\u00e9 de la flore andalouse indig\u00e8ne et si typique des espaces verts d\u2019Estepona pour dessiner les 4200m2 d\u2019une \u0153uvre, merveilleuse qui ne cesse d\u2019avoir un impact chaque fois que l\u2019on passe devant elle.<\/p>\n\n\n\n<p>Cette \u0153uvre d\u2019art hyper-r\u00e9aliste est une peinture murale unique au niveau europ\u00e9en, dans laquelle l\u2019artiste ne refl\u00e9te qu\u2019une extension de cet espace vert sur la fa\u00e7ade de sept b\u00e2timents. Et c\u2019est l\u2019une des \u0153uvres les plus appr\u00e9ci\u00e9es de la Route murale d\u2019Estepona. Le peintre a r\u00e9alis\u00e9 un grand trompe l\u2019\u0153il visuel avec des d\u00e9tails comme un balcon andalou qui (\u00e0 premi\u00e8re vue) semble r\u00e9el, o\u00f9 l\u2019on peut voir des bougainvilliers, des palmiers et des pots de g\u00e9ranium, les derniers qui se distinguent par leur ajout qui refl\u00e8tent l\u2019attrait ic\u00f4ne de la ville pour sa d\u00e9coration dans toute la vieille ville.<\/p>\n\n\n\n<p>L\u2019intention du peintre est que les d\u00e9tails semblent r\u00e9els et que ce qui est captur\u00e9 sur le mur soit confondu avec les plantes du Parc Botanique et les terrasses des maisons voisines. Par ailleurs, dans cette \u0153uvre, la peinture se m\u00e8le a la litt\u00e9rature du po\u00e8te local Jos\u00e9 Miguel Molero. Ce qui me fascine, c\u2019est que le cr\u00e9ateur de cette \u0153uvre a trouv\u00e9 l\u2019\u00e9quilibre entre la perfection de son travail et la vivacit\u00e9 du sentiment qu\u2019il transmet \u00e0 son image.<\/p>\n\n\n\n<figure class=\"wp-block-gallery columns-2 is-cropped wp-block-gallery-1 is-layout-flex wp-block-gallery-is-layout-flex\"><ul class=\"blocks-gallery-grid\"><li class=\"blocks-gallery-item\"><figure><a href=\"http:\/\/www.eoiestepona.org\/web\/wp-content\/uploads\/2021\/04\/20210430_094754.jpg\"><img loading=\"lazy\" decoding=\"async\" width=\"335\" height=\"448\" src=\"http:\/\/www.eoiestepona.org\/web\/wp-content\/uploads\/2021\/04\/20210430_094754.jpg\" alt=\"\" data-id=\"3398\" data-full-url=\"http:\/\/www.eoiestepona.org\/web\/wp-content\/uploads\/2021\/04\/20210430_094754.jpg\" data-link=\"http:\/\/www.eoiestepona.org\/web\/reflejos-del-jardin-de-jose-fernandez-rios\/20210430_094754\/\" class=\"wp-image-3398\" srcset=\"https:\/\/www.eoiestepona.org\/web\/wp-content\/uploads\/2021\/04\/20210430_094754.jpg 335w, https:\/\/www.eoiestepona.org\/web\/wp-content\/uploads\/2021\/04\/20210430_094754-224x300.jpg 224w\" sizes=\"auto, (max-width: 335px) 100vw, 335px\" \/><\/a><\/figure><\/li><li class=\"blocks-gallery-item\"><figure><a href=\"http:\/\/www.eoiestepona.org\/web\/wp-content\/uploads\/2021\/04\/20210430_094803.jpg\"><img loading=\"lazy\" decoding=\"async\" width=\"333\" height=\"448\" src=\"http:\/\/www.eoiestepona.org\/web\/wp-content\/uploads\/2021\/04\/20210430_094803.jpg\" alt=\"\" data-id=\"3399\" data-full-url=\"http:\/\/www.eoiestepona.org\/web\/wp-content\/uploads\/2021\/04\/20210430_094803.jpg\" data-link=\"http:\/\/www.eoiestepona.org\/web\/reflejos-del-jardin-de-jose-fernandez-rios\/20210430_094803\/\" class=\"wp-image-3399\" srcset=\"https:\/\/www.eoiestepona.org\/web\/wp-content\/uploads\/2021\/04\/20210430_094803.jpg 333w, https:\/\/www.eoiestepona.org\/web\/wp-content\/uploads\/2021\/04\/20210430_094803-223x300.jpg 223w\" sizes=\"auto, (max-width: 333px) 100vw, 333px\" \/><\/a><\/figure><\/li><li class=\"blocks-gallery-item\"><figure><a href=\"http:\/\/www.eoiestepona.org\/web\/wp-content\/uploads\/2021\/04\/20210430_095030.jpg\"><img loading=\"lazy\" decoding=\"async\" width=\"336\" height=\"342\" src=\"http:\/\/www.eoiestepona.org\/web\/wp-content\/uploads\/2021\/04\/20210430_095030.jpg\" alt=\"\" data-id=\"3402\" data-full-url=\"http:\/\/www.eoiestepona.org\/web\/wp-content\/uploads\/2021\/04\/20210430_095030.jpg\" data-link=\"http:\/\/www.eoiestepona.org\/web\/reflejos-del-jardin-de-jose-fernandez-rios\/20210430_095030\/\" class=\"wp-image-3402\" srcset=\"https:\/\/www.eoiestepona.org\/web\/wp-content\/uploads\/2021\/04\/20210430_095030.jpg 336w, https:\/\/www.eoiestepona.org\/web\/wp-content\/uploads\/2021\/04\/20210430_095030-295x300.jpg 295w\" sizes=\"auto, (max-width: 336px) 100vw, 336px\" \/><\/a><\/figure><\/li><li class=\"blocks-gallery-item\"><figure><a href=\"http:\/\/www.eoiestepona.org\/web\/wp-content\/uploads\/2021\/04\/20210430_095123.jpg\"><img loading=\"lazy\" decoding=\"async\" width=\"340\" height=\"336\" src=\"http:\/\/www.eoiestepona.org\/web\/wp-content\/uploads\/2021\/04\/20210430_095123.jpg\" alt=\"\" data-id=\"3403\" data-full-url=\"http:\/\/www.eoiestepona.org\/web\/wp-content\/uploads\/2021\/04\/20210430_095123.jpg\" data-link=\"http:\/\/www.eoiestepona.org\/web\/reflejos-del-jardin-de-jose-fernandez-rios\/20210430_095123\/\" class=\"wp-image-3403\" srcset=\"https:\/\/www.eoiestepona.org\/web\/wp-content\/uploads\/2021\/04\/20210430_095123.jpg 340w, https:\/\/www.eoiestepona.org\/web\/wp-content\/uploads\/2021\/04\/20210430_095123-300x296.jpg 300w\" sizes=\"auto, (max-width: 340px) 100vw, 340px\" \/><\/a><\/figure><\/li><li class=\"blocks-gallery-item\"><figure><a href=\"http:\/\/www.eoiestepona.org\/web\/wp-content\/uploads\/2021\/04\/20210430_095146.jpg\"><img loading=\"lazy\" decoding=\"async\" width=\"352\" height=\"336\" src=\"http:\/\/www.eoiestepona.org\/web\/wp-content\/uploads\/2021\/04\/20210430_095146.jpg\" alt=\"\" data-id=\"3404\" data-full-url=\"http:\/\/www.eoiestepona.org\/web\/wp-content\/uploads\/2021\/04\/20210430_095146.jpg\" data-link=\"http:\/\/www.eoiestepona.org\/web\/reflejos-del-jardin-de-jose-fernandez-rios\/20210430_095146\/\" class=\"wp-image-3404\" srcset=\"https:\/\/www.eoiestepona.org\/web\/wp-content\/uploads\/2021\/04\/20210430_095146.jpg 352w, https:\/\/www.eoiestepona.org\/web\/wp-content\/uploads\/2021\/04\/20210430_095146-300x286.jpg 300w\" sizes=\"auto, (max-width: 352px) 100vw, 352px\" \/><\/a><\/figure><\/li><\/ul><\/figure>\n","protected":false},"excerpt":{"rendered":"<p>REFLEJOS DEL JARD\u00cdN de Jos\u00e9 Fern\u00e1ndez R\u00edos. Parque Bot\u00e1nico y Orquidario. REFLETS DU JARDIN (PAQUI MATEO SOTO \u2013 C1) Cette belle peinture murale repr\u00e9sente des palmiers et des bougainvilliers. C&#8217;est &#8230;<\/p>\n","protected":false},"author":2,"featured_media":2209,"comment_status":"closed","ping_status":"closed","sticky":false,"template":"","format":"standard","meta":{"footnotes":""},"categories":[41],"tags":[46,43,27,21,24,30,26,28,25,52,44,23,42,32,51,48,49,47,45,50],"class_list":["post-2301","post","type-post","status-publish","format-standard","has-post-thumbnail","hentry","category-murales","tag-andalucia","tag-culture","tag-english","tag-eoi","tag-estepona","tag-francais","tag-frances","tag-french","tag-ingles","tag-malaga","tag-mur","tag-murales","tag-paintings","tag-peintures","tag-pinturas","tag-street","tag-visit","tag-visita","tag-visiter","tag-wall"],"_links":{"self":[{"href":"https:\/\/www.eoiestepona.org\/web\/wp-json\/wp\/v2\/posts\/2301","targetHints":{"allow":["GET"]}}],"collection":[{"href":"https:\/\/www.eoiestepona.org\/web\/wp-json\/wp\/v2\/posts"}],"about":[{"href":"https:\/\/www.eoiestepona.org\/web\/wp-json\/wp\/v2\/types\/post"}],"author":[{"embeddable":true,"href":"https:\/\/www.eoiestepona.org\/web\/wp-json\/wp\/v2\/users\/2"}],"replies":[{"embeddable":true,"href":"https:\/\/www.eoiestepona.org\/web\/wp-json\/wp\/v2\/comments?post=2301"}],"version-history":[{"count":6,"href":"https:\/\/www.eoiestepona.org\/web\/wp-json\/wp\/v2\/posts\/2301\/revisions"}],"predecessor-version":[{"id":3506,"href":"https:\/\/www.eoiestepona.org\/web\/wp-json\/wp\/v2\/posts\/2301\/revisions\/3506"}],"wp:featuredmedia":[{"embeddable":true,"href":"https:\/\/www.eoiestepona.org\/web\/wp-json\/wp\/v2\/media\/2209"}],"wp:attachment":[{"href":"https:\/\/www.eoiestepona.org\/web\/wp-json\/wp\/v2\/media?parent=2301"}],"wp:term":[{"taxonomy":"category","embeddable":true,"href":"https:\/\/www.eoiestepona.org\/web\/wp-json\/wp\/v2\/categories?post=2301"},{"taxonomy":"post_tag","embeddable":true,"href":"https:\/\/www.eoiestepona.org\/web\/wp-json\/wp\/v2\/tags?post=2301"}],"curies":[{"name":"wp","href":"https:\/\/api.w.org\/{rel}","templated":true}]}}