{"id":2781,"date":"2021-04-23T10:10:10","date_gmt":"2021-04-23T08:10:10","guid":{"rendered":"http:\/\/www.eoiestepona.org\/web\/?p=2781"},"modified":"2021-05-04T11:42:41","modified_gmt":"2021-05-04T09:42:41","slug":"la-poda-de-la-buganvilla-de-jose-fernandez-rios","status":"publish","type":"post","link":"https:\/\/www.eoiestepona.org\/web\/la-poda-de-la-buganvilla-de-jose-fernandez-rios\/","title":{"rendered":"LA PODA DE LA BUGANVILLA de Jos\u00e9 Fern\u00e1ndez R\u00edos"},"content":{"rendered":"\n<p>9 \u2013 LA PODA DE LA BUGANVILLA de Jos\u00e9 Fern\u00e1ndez R\u00edos. Avda. San Lorenzo (Colegio V\u00edctor de la Serna).<\/p>\n\n\n\n<div class=\"wp-block-image\"><figure class=\"alignright size-large is-resized\"><img loading=\"lazy\" decoding=\"async\" src=\"http:\/\/www.eoiestepona.org\/web\/wp-content\/uploads\/2021\/05\/20210504_101417.jpg\" alt=\"\" class=\"wp-image-3564\" width=\"280\" height=\"212\" srcset=\"https:\/\/www.eoiestepona.org\/web\/wp-content\/uploads\/2021\/05\/20210504_101417.jpg 443w, https:\/\/www.eoiestepona.org\/web\/wp-content\/uploads\/2021\/05\/20210504_101417-300x228.jpg 300w\" sizes=\"auto, (max-width: 280px) 100vw, 280px\" \/><\/figure><\/div>\n\n\n\n<p><strong>LA PODA DE LA BUGANVILLA <\/strong><strong>(<\/strong><strong>Susana S\u00e1nchez Gonz\u00e1lez, B1 Semipresencial<\/strong><strong>)<\/strong><\/p>\n\n\n\n<p>The mural was painted by Jose Fern\u00e1ndez R\u00edos. It was inaugurated in April 2015 in V\u00edctor de la Serna School on Av. San Lorenzo. There is a gardener who is on the ladder and appears as if he is really looking after the plants. On the left, at the top and on the right, there are bougainvilleas. Personally, I think the painting is extraordinary because you can even see the gardener\u00b4s own shadow. It captures you and makes you feel as if he was really there.<\/p>\n\n\n\n<p><strong>LA PODA DE LA BUGANVILLA <\/strong><strong>(<\/strong><strong>M\u00aa Jes\u00fas D\u00edaz D\u00edaz, B1 Semipresencial<\/strong><strong>)<\/strong><\/p>\n\n\n\n<p>This mural \u201cThe Pruning of the Bougainvillea \u201cby Jos\u00e9 Fernandez Rios, illustrates a man pruning a plant. The plant is a bougainvillea.<\/p>\n\n\n\n<p>The mural is painted on two sides of a building. In the centre, there is a main motif, it is a big bougainvillea. On the right, there is a man pruning the plant. The man is on a ladder and he\u2019s wearing a gardener\u2019s uniform. Behind the man, there is another small bougainvillea. On the other wall of the building, on the left, there is a small bougainvillea too.<\/p>\n\n\n\n<p>This mural is colourful and realistic. I feel happy when I see the painting, because I remember spring.<\/p>\n\n\n\n<div class=\"wp-block-image\"><figure class=\"alignright size-large\"><img loading=\"lazy\" decoding=\"async\" width=\"336\" height=\"448\" src=\"http:\/\/www.eoiestepona.org\/web\/wp-content\/uploads\/2021\/05\/20210504_101527.jpg\" alt=\"\" class=\"wp-image-3567\" srcset=\"https:\/\/www.eoiestepona.org\/web\/wp-content\/uploads\/2021\/05\/20210504_101527.jpg 336w, https:\/\/www.eoiestepona.org\/web\/wp-content\/uploads\/2021\/05\/20210504_101527-225x300.jpg 225w\" sizes=\"auto, (max-width: 336px) 100vw, 336px\" \/><\/figure><\/div>\n\n\n\n<p><strong>LA PODA DE LA BUGANVILLA <\/strong><strong>(<\/strong><strong>Paqui Villegas L\u00e9rida, B1 Semipresencial<\/strong><strong>)<\/strong><\/p>\n\n\n\n<p>\u00abLa poda de la Buganvilla\u00bb is the work of Jos\u00e9 Fern\u00e1ndez R\u00edos and he completed it in two weeks. This mural is on Avenida San Lorenzo (V\u00edctor de la Serna School), and it was inaugurated in 2015.<\/p>\n\n\n\n<p>The mural occupies some of the walls of the building. At the top is the most attractive part of this plant so characteristic of this area, with soft and delicate colours, the pink colour of the flowers and green of the leaves. There are some plants: the biggest is in the top left-hand corner and turns around occupying the right side of the building. In the background, there are the branches emerging from the ground. In the middle, a gardener is on a ladder pruning the bougainvillea.<\/p>\n\n\n\n<p>In my opinion, it&#8217;s a lifelike painting, where the gardener looks totally real.<\/p>\n\n\n\n<p><strong>LA PODA DE LA BUGANVILLA <\/strong><strong>(<\/strong><strong>Jos\u00e9 Salas S\u00e1nchez, B2.2. Semipresencial<\/strong><strong>)<\/strong><\/p>\n\n\n\n<p>This mural, in San Lorenzo Avenue, occupies four facades of the \u201cVictor de la Serna\u201d&nbsp;school, and it is the fourth work in Estepona&nbsp;by Jos\u00e9 Fernandez Rios. It was finished in April 2015.<\/p>\n\n\n\n<p>It is one of the biggest murals in Spain. It shows a gardener, at the top of a ladder, pruning a big bougainvillea tree.<\/p>\n\n\n\n<p>The style is so realistic that it looks as if the gardener were a real person. The first time I saw it, I was surprised and moved by this design, which gives life and colours to the space around.<\/p>\n\n\n\n<figure class=\"wp-block-gallery columns-2 is-cropped wp-block-gallery-1 is-layout-flex wp-block-gallery-is-layout-flex\"><ul class=\"blocks-gallery-grid\"><li class=\"blocks-gallery-item\"><figure><a href=\"http:\/\/www.eoiestepona.org\/web\/wp-content\/uploads\/2021\/05\/20210504_101515.jpg\"><img loading=\"lazy\" decoding=\"async\" width=\"448\" height=\"289\" src=\"http:\/\/www.eoiestepona.org\/web\/wp-content\/uploads\/2021\/05\/20210504_101515.jpg\" alt=\"\" data-id=\"3566\" data-full-url=\"http:\/\/www.eoiestepona.org\/web\/wp-content\/uploads\/2021\/05\/20210504_101515.jpg\" data-link=\"http:\/\/www.eoiestepona.org\/web\/la-poda-de-la-buganvilla-de-jose-fernandez-rios-2\/20210504_101515\/\" class=\"wp-image-3566\" srcset=\"https:\/\/www.eoiestepona.org\/web\/wp-content\/uploads\/2021\/05\/20210504_101515.jpg 448w, https:\/\/www.eoiestepona.org\/web\/wp-content\/uploads\/2021\/05\/20210504_101515-300x194.jpg 300w\" sizes=\"auto, (max-width: 448px) 100vw, 448px\" \/><\/a><\/figure><\/li><li class=\"blocks-gallery-item\"><figure><a href=\"http:\/\/www.eoiestepona.org\/web\/wp-content\/uploads\/2021\/05\/20210504_101426.jpg\"><img loading=\"lazy\" decoding=\"async\" width=\"360\" height=\"336\" src=\"http:\/\/www.eoiestepona.org\/web\/wp-content\/uploads\/2021\/05\/20210504_101426.jpg\" alt=\"\" data-id=\"3565\" data-full-url=\"http:\/\/www.eoiestepona.org\/web\/wp-content\/uploads\/2021\/05\/20210504_101426.jpg\" data-link=\"http:\/\/www.eoiestepona.org\/web\/la-poda-de-la-buganvilla-de-jose-fernandez-rios-2\/20210504_101426\/\" class=\"wp-image-3565\" srcset=\"https:\/\/www.eoiestepona.org\/web\/wp-content\/uploads\/2021\/05\/20210504_101426.jpg 360w, https:\/\/www.eoiestepona.org\/web\/wp-content\/uploads\/2021\/05\/20210504_101426-300x280.jpg 300w\" sizes=\"auto, (max-width: 360px) 100vw, 360px\" \/><\/a><\/figure><\/li><\/ul><\/figure>\n","protected":false},"excerpt":{"rendered":"<p>9 \u2013 LA PODA DE LA BUGANVILLA de Jos\u00e9 Fern\u00e1ndez R\u00edos. Avda. San Lorenzo (Colegio V\u00edctor de la Serna). LA PODA DE LA BUGANVILLA (Susana S\u00e1nchez Gonz\u00e1lez, B1 Semipresencial) The &#8230;<\/p>\n","protected":false},"author":2,"featured_media":2209,"comment_status":"closed","ping_status":"closed","sticky":false,"template":"","format":"standard","meta":{"footnotes":""},"categories":[41],"tags":[46,43,27,21,24,30,26,28,25,44,23,42,32,51,48,49,47,45,50],"class_list":["post-2781","post","type-post","status-publish","format-standard","has-post-thumbnail","hentry","category-murales","tag-andalucia","tag-culture","tag-english","tag-eoi","tag-estepona","tag-francais","tag-frances","tag-french","tag-ingles","tag-mur","tag-murales","tag-paintings","tag-peintures","tag-pinturas","tag-street","tag-visit","tag-visita","tag-visiter","tag-wall"],"_links":{"self":[{"href":"https:\/\/www.eoiestepona.org\/web\/wp-json\/wp\/v2\/posts\/2781","targetHints":{"allow":["GET"]}}],"collection":[{"href":"https:\/\/www.eoiestepona.org\/web\/wp-json\/wp\/v2\/posts"}],"about":[{"href":"https:\/\/www.eoiestepona.org\/web\/wp-json\/wp\/v2\/types\/post"}],"author":[{"embeddable":true,"href":"https:\/\/www.eoiestepona.org\/web\/wp-json\/wp\/v2\/users\/2"}],"replies":[{"embeddable":true,"href":"https:\/\/www.eoiestepona.org\/web\/wp-json\/wp\/v2\/comments?post=2781"}],"version-history":[{"count":5,"href":"https:\/\/www.eoiestepona.org\/web\/wp-json\/wp\/v2\/posts\/2781\/revisions"}],"predecessor-version":[{"id":3570,"href":"https:\/\/www.eoiestepona.org\/web\/wp-json\/wp\/v2\/posts\/2781\/revisions\/3570"}],"wp:featuredmedia":[{"embeddable":true,"href":"https:\/\/www.eoiestepona.org\/web\/wp-json\/wp\/v2\/media\/2209"}],"wp:attachment":[{"href":"https:\/\/www.eoiestepona.org\/web\/wp-json\/wp\/v2\/media?parent=2781"}],"wp:term":[{"taxonomy":"category","embeddable":true,"href":"https:\/\/www.eoiestepona.org\/web\/wp-json\/wp\/v2\/categories?post=2781"},{"taxonomy":"post_tag","embeddable":true,"href":"https:\/\/www.eoiestepona.org\/web\/wp-json\/wp\/v2\/tags?post=2781"}],"curies":[{"name":"wp","href":"https:\/\/api.w.org\/{rel}","templated":true}]}}