{"id":2787,"date":"2021-04-23T10:11:33","date_gmt":"2021-04-23T08:11:33","guid":{"rendered":"http:\/\/www.eoiestepona.org\/web\/?p=2787"},"modified":"2021-04-30T19:29:17","modified_gmt":"2021-04-30T17:29:17","slug":"tiempos-de-claridad-de-ana-cecilia-salinas","status":"publish","type":"post","link":"https:\/\/www.eoiestepona.org\/web\/tiempos-de-claridad-de-ana-cecilia-salinas\/","title":{"rendered":"TIEMPOS DE CLARIDAD de Ana Cecilia Salinas"},"content":{"rendered":"\n<p>TIEMPOS DE CLARIDAD de Ana Cecilia Salinas. Avda. Andaluc\u00eda (Bda. San Isidro).<\/p>\n\n\n\n<div class=\"wp-block-image\"><figure class=\"alignright size-large is-resized\"><img loading=\"lazy\" decoding=\"async\" src=\"http:\/\/www.eoiestepona.org\/web\/wp-content\/uploads\/2021\/04\/20210430_114739.jpg\" alt=\"\" class=\"wp-image-3311\" width=\"266\" height=\"206\" srcset=\"https:\/\/www.eoiestepona.org\/web\/wp-content\/uploads\/2021\/04\/20210430_114739.jpg 434w, https:\/\/www.eoiestepona.org\/web\/wp-content\/uploads\/2021\/04\/20210430_114739-300x232.jpg 300w\" sizes=\"auto, (max-width: 266px) 100vw, 266px\" \/><\/figure><\/div>\n\n\n\n<p><strong>TIEMPOS DE CLARIDAD <\/strong><strong>(<\/strong><strong>Ana Jos\u00e9 Ortiz Calder\u00f3n, B2.2<\/strong><strong>)<\/strong><\/p>\n\n\n\n<p>\u201cTimes of Clarity\u201d by Ana Cecilia Salinas was created in May 2013. Without any doubt, this mural pays a tribute to Estepona\u2019s typical landscape.<\/p>\n\n\n\n<p>This colourful landscape seen from a window was created in two perspectives. However, looking at the mural from an elevated position gives a better effect. If you walk from the street you will not be able to see the window frame properly.<\/p>\n\n\n\n<p>In the background, you can see a hill with a church in the middle. There is a river across the painting. The warm colours used by the painter create luminosity, but moreover, they convey a sense of peace and calm.<\/p>\n\n\n\n<figure class=\"wp-block-gallery columns-3 is-cropped wp-block-gallery-1 is-layout-flex wp-block-gallery-is-layout-flex\"><ul class=\"blocks-gallery-grid\"><li class=\"blocks-gallery-item\"><figure><a href=\"http:\/\/www.eoiestepona.org\/web\/wp-content\/uploads\/2021\/04\/20210430_114744.jpg\"><img loading=\"lazy\" decoding=\"async\" width=\"300\" height=\"276\" src=\"http:\/\/www.eoiestepona.org\/web\/wp-content\/uploads\/2021\/04\/20210430_114744-300x276.jpg\" alt=\"\" data-id=\"3312\" data-full-url=\"http:\/\/www.eoiestepona.org\/web\/wp-content\/uploads\/2021\/04\/20210430_114744.jpg\" data-link=\"http:\/\/www.eoiestepona.org\/web\/tiempos-de-claridad-de-ana-cecilia-salinas-2\/20210430_114744\/\" class=\"wp-image-3312\" srcset=\"https:\/\/www.eoiestepona.org\/web\/wp-content\/uploads\/2021\/04\/20210430_114744-300x276.jpg 300w, https:\/\/www.eoiestepona.org\/web\/wp-content\/uploads\/2021\/04\/20210430_114744.jpg 365w\" sizes=\"auto, (max-width: 300px) 100vw, 300px\" \/><\/a><\/figure><\/li><li class=\"blocks-gallery-item\"><figure><a href=\"http:\/\/www.eoiestepona.org\/web\/wp-content\/uploads\/2021\/04\/20210430_114725.jpg\"><img loading=\"lazy\" decoding=\"async\" width=\"288\" height=\"300\" src=\"http:\/\/www.eoiestepona.org\/web\/wp-content\/uploads\/2021\/04\/20210430_114725-288x300.jpg\" alt=\"\" data-id=\"3310\" data-full-url=\"http:\/\/www.eoiestepona.org\/web\/wp-content\/uploads\/2021\/04\/20210430_114725.jpg\" data-link=\"http:\/\/www.eoiestepona.org\/web\/tiempos-de-claridad-de-ana-cecilia-salinas-2\/20210430_114725\/\" class=\"wp-image-3310\" srcset=\"https:\/\/www.eoiestepona.org\/web\/wp-content\/uploads\/2021\/04\/20210430_114725-288x300.jpg 288w, https:\/\/www.eoiestepona.org\/web\/wp-content\/uploads\/2021\/04\/20210430_114725.jpg 336w\" sizes=\"auto, (max-width: 288px) 100vw, 288px\" \/><\/a><\/figure><\/li><li class=\"blocks-gallery-item\"><figure><a href=\"http:\/\/www.eoiestepona.org\/web\/wp-content\/uploads\/2021\/04\/20210430_114713.jpg\"><img loading=\"lazy\" decoding=\"async\" width=\"290\" height=\"300\" src=\"http:\/\/www.eoiestepona.org\/web\/wp-content\/uploads\/2021\/04\/20210430_114713-290x300.jpg\" alt=\"\" data-id=\"3309\" data-full-url=\"http:\/\/www.eoiestepona.org\/web\/wp-content\/uploads\/2021\/04\/20210430_114713.jpg\" data-link=\"http:\/\/www.eoiestepona.org\/web\/tiempos-de-claridad-de-ana-cecilia-salinas-2\/20210430_114713\/\" class=\"wp-image-3309\" srcset=\"https:\/\/www.eoiestepona.org\/web\/wp-content\/uploads\/2021\/04\/20210430_114713-290x300.jpg 290w, https:\/\/www.eoiestepona.org\/web\/wp-content\/uploads\/2021\/04\/20210430_114713.jpg 336w\" sizes=\"auto, (max-width: 290px) 100vw, 290px\" \/><\/a><\/figure><\/li><\/ul><\/figure>\n","protected":false},"excerpt":{"rendered":"<p>TIEMPOS DE CLARIDAD de Ana Cecilia Salinas. Avda. Andaluc\u00eda (Bda. San Isidro). TIEMPOS DE CLARIDAD (Ana Jos\u00e9 Ortiz Calder\u00f3n, B2.2) \u201cTimes of Clarity\u201d by Ana Cecilia Salinas was created in &#8230;<\/p>\n","protected":false},"author":2,"featured_media":2209,"comment_status":"closed","ping_status":"closed","sticky":false,"template":"","format":"standard","meta":{"footnotes":""},"categories":[41],"tags":[46,43,27,21,24,30,26,28,25,44,23,42,32,51,48,49,47,45,50],"class_list":["post-2787","post","type-post","status-publish","format-standard","has-post-thumbnail","hentry","category-murales","tag-andalucia","tag-culture","tag-english","tag-eoi","tag-estepona","tag-francais","tag-frances","tag-french","tag-ingles","tag-mur","tag-murales","tag-paintings","tag-peintures","tag-pinturas","tag-street","tag-visit","tag-visita","tag-visiter","tag-wall"],"_links":{"self":[{"href":"https:\/\/www.eoiestepona.org\/web\/wp-json\/wp\/v2\/posts\/2787","targetHints":{"allow":["GET"]}}],"collection":[{"href":"https:\/\/www.eoiestepona.org\/web\/wp-json\/wp\/v2\/posts"}],"about":[{"href":"https:\/\/www.eoiestepona.org\/web\/wp-json\/wp\/v2\/types\/post"}],"author":[{"embeddable":true,"href":"https:\/\/www.eoiestepona.org\/web\/wp-json\/wp\/v2\/users\/2"}],"replies":[{"embeddable":true,"href":"https:\/\/www.eoiestepona.org\/web\/wp-json\/wp\/v2\/comments?post=2787"}],"version-history":[{"count":5,"href":"https:\/\/www.eoiestepona.org\/web\/wp-json\/wp\/v2\/posts\/2787\/revisions"}],"predecessor-version":[{"id":3492,"href":"https:\/\/www.eoiestepona.org\/web\/wp-json\/wp\/v2\/posts\/2787\/revisions\/3492"}],"wp:featuredmedia":[{"embeddable":true,"href":"https:\/\/www.eoiestepona.org\/web\/wp-json\/wp\/v2\/media\/2209"}],"wp:attachment":[{"href":"https:\/\/www.eoiestepona.org\/web\/wp-json\/wp\/v2\/media?parent=2787"}],"wp:term":[{"taxonomy":"category","embeddable":true,"href":"https:\/\/www.eoiestepona.org\/web\/wp-json\/wp\/v2\/categories?post=2787"},{"taxonomy":"post_tag","embeddable":true,"href":"https:\/\/www.eoiestepona.org\/web\/wp-json\/wp\/v2\/tags?post=2787"}],"curies":[{"name":"wp","href":"https:\/\/api.w.org\/{rel}","templated":true}]}}