{"id":2812,"date":"2021-04-23T10:15:46","date_gmt":"2021-04-23T08:15:46","guid":{"rendered":"http:\/\/www.eoiestepona.org\/web\/?p=2812"},"modified":"2021-04-30T19:23:16","modified_gmt":"2021-04-30T17:23:16","slug":"recuerdos-orientales-de-jose-fernandez-rios","status":"publish","type":"post","link":"https:\/\/www.eoiestepona.org\/web\/recuerdos-orientales-de-jose-fernandez-rios\/","title":{"rendered":"RECUERDOS ORIENTALES de Jos\u00e9 Fern\u00e1ndez R\u00edos"},"content":{"rendered":"\n<p>RECUERDOS ORIENTALES de Jos\u00e9 Fern\u00e1ndez R\u00edos. Plaza Antonia Guerrero.<\/p>\n\n\n\n<p><strong>RECUERDOS ORIENTALES (M\u00aa DEL MAR GIL GAIT\u00c1N &#8211; C1.1B)<\/strong><\/p>\n\n\n\n<div class=\"wp-block-image\"><figure class=\"alignright size-large\"><img loading=\"lazy\" decoding=\"async\" width=\"336\" height=\"400\" src=\"http:\/\/www.eoiestepona.org\/web\/wp-content\/uploads\/2021\/04\/20210430_112843.jpg\" alt=\"\" class=\"wp-image-3466\" srcset=\"https:\/\/www.eoiestepona.org\/web\/wp-content\/uploads\/2021\/04\/20210430_112843.jpg 336w, https:\/\/www.eoiestepona.org\/web\/wp-content\/uploads\/2021\/04\/20210430_112843-252x300.jpg 252w\" sizes=\"auto, (max-width: 336px) 100vw, 336px\" \/><\/figure><\/div>\n\n\n\n<p>Born in Ja\u00e9n in 1964, the realist painter and sculptor Jos\u00e9 Fern\u00e1ndez R\u00edos was invited to paint some murals in Estepona. Among all of them we are going to focus on one which is located in Antonia Guerrero square.<\/p>\n\n\n\n<p>\u201c Evocaci\u00f3n Nazar\u00ed \u201c is the title of the work of art which is going to be depicted. The master piece evokes the Andalusian soul and spirit through arcades, patios, courts and colonnades. Actually, it is a picture that blurs the boundaries among architecture, art and nature.<\/p>\n\n\n\n<p>Black flames shaped cypresses, thin and elegant, remind the beholder of the heart of a Moorish palace and leaves them with an overwhelming impression of design of imagination and of craftsmanship.<\/p>\n\n\n\n<p><strong>RECUERDOS ORIENTALES (Nieves D\u00edaz Gal\u00e1n &#8211; C1.1B)<\/strong><\/p>\n\n\n\n<p>Estepona\u00b4s route of artistic murals is an original project implemented by the city council that started in September 2012. The route is part of urban regeneration purpose and embellishment to the ancient buildings. The idea was that the amount of murals scattered throughout the city would increase Estepona, not only as a tourist destination, but also as a cultural one. The tourist office has published a map that shows the location of murals and, at last count, there are sixty murals on the Estepona\u00b4s streets.<\/p>\n\n\n\n<p>One of them is \u201crecuerdos orientales\u201d. This artwork is located in Plaza Antonia Guerrero, it\u00b4s a 600 m2 mural by the hyperrealist artist Jos\u00e9 Fern\u00e1ndez R\u00edos. The mural is inspired by the ancient Moorish civilization and its magnificent architecture. You can appreciate typical Moorish archs which reminds the viewer the unique photographic city of C\u00f3rdoba and its historical Mezquita.<\/p>\n\n\n\n<p>The mural reminds too the archaeological site as well known as the Alhambra in Granada and its famous Comares Tower. Eastern Memories brings back the spectator to the palatial fortification of The Alcazaba in M\u00e1laga, one of the most representative examples of military architecture in the Taifa period, with its double walls and massive entry fortifications. You can appreciate two enormous mountains behind the described monuments, one of them is M\u00e1laga mountains and the other one is Sierra Nevada in Granada. This work has been painted on different buildings, creating an interesting sense of volume.<\/p>\n\n\n\n<figure class=\"wp-block-gallery columns-2 is-cropped wp-block-gallery-1 is-layout-flex wp-block-gallery-is-layout-flex\"><ul class=\"blocks-gallery-grid\"><li class=\"blocks-gallery-item\"><figure><a href=\"http:\/\/www.eoiestepona.org\/web\/wp-content\/uploads\/2021\/04\/20210430_112854.jpg\"><img loading=\"lazy\" decoding=\"async\" width=\"448\" height=\"290\" src=\"http:\/\/www.eoiestepona.org\/web\/wp-content\/uploads\/2021\/04\/20210430_112854.jpg\" alt=\"\" data-id=\"3467\" data-full-url=\"http:\/\/www.eoiestepona.org\/web\/wp-content\/uploads\/2021\/04\/20210430_112854.jpg\" data-link=\"http:\/\/www.eoiestepona.org\/web\/recuerdos-orientales-de-jose-fernandez-rios-2\/20210430_112854\/\" class=\"wp-image-3467\" srcset=\"https:\/\/www.eoiestepona.org\/web\/wp-content\/uploads\/2021\/04\/20210430_112854.jpg 448w, https:\/\/www.eoiestepona.org\/web\/wp-content\/uploads\/2021\/04\/20210430_112854-300x194.jpg 300w\" sizes=\"auto, (max-width: 448px) 100vw, 448px\" \/><\/a><\/figure><\/li><li class=\"blocks-gallery-item\"><figure><a href=\"http:\/\/www.eoiestepona.org\/web\/wp-content\/uploads\/2021\/04\/20210430_112904.jpg\"><img loading=\"lazy\" decoding=\"async\" width=\"448\" height=\"249\" src=\"http:\/\/www.eoiestepona.org\/web\/wp-content\/uploads\/2021\/04\/20210430_112904.jpg\" alt=\"\" data-id=\"3468\" data-full-url=\"http:\/\/www.eoiestepona.org\/web\/wp-content\/uploads\/2021\/04\/20210430_112904.jpg\" data-link=\"http:\/\/www.eoiestepona.org\/web\/recuerdos-orientales-de-jose-fernandez-rios-2\/20210430_112904\/\" class=\"wp-image-3468\" srcset=\"https:\/\/www.eoiestepona.org\/web\/wp-content\/uploads\/2021\/04\/20210430_112904.jpg 448w, https:\/\/www.eoiestepona.org\/web\/wp-content\/uploads\/2021\/04\/20210430_112904-300x167.jpg 300w\" sizes=\"auto, (max-width: 448px) 100vw, 448px\" \/><\/a><\/figure><\/li><\/ul><\/figure>\n","protected":false},"excerpt":{"rendered":"<p>RECUERDOS ORIENTALES de Jos\u00e9 Fern\u00e1ndez R\u00edos. Plaza Antonia Guerrero. RECUERDOS ORIENTALES (M\u00aa DEL MAR GIL GAIT\u00c1N &#8211; C1.1B) Born in Ja\u00e9n in 1964, the realist painter and sculptor Jos\u00e9 Fern\u00e1ndez &#8230;<\/p>\n","protected":false},"author":2,"featured_media":2209,"comment_status":"closed","ping_status":"closed","sticky":false,"template":"","format":"standard","meta":{"footnotes":""},"categories":[41],"tags":[46,43,27,21,24,30,26,28,25,44,23,42,32,51,48,49,47,45,50],"class_list":["post-2812","post","type-post","status-publish","format-standard","has-post-thumbnail","hentry","category-murales","tag-andalucia","tag-culture","tag-english","tag-eoi","tag-estepona","tag-francais","tag-frances","tag-french","tag-ingles","tag-mur","tag-murales","tag-paintings","tag-peintures","tag-pinturas","tag-street","tag-visit","tag-visita","tag-visiter","tag-wall"],"_links":{"self":[{"href":"https:\/\/www.eoiestepona.org\/web\/wp-json\/wp\/v2\/posts\/2812","targetHints":{"allow":["GET"]}}],"collection":[{"href":"https:\/\/www.eoiestepona.org\/web\/wp-json\/wp\/v2\/posts"}],"about":[{"href":"https:\/\/www.eoiestepona.org\/web\/wp-json\/wp\/v2\/types\/post"}],"author":[{"embeddable":true,"href":"https:\/\/www.eoiestepona.org\/web\/wp-json\/wp\/v2\/users\/2"}],"replies":[{"embeddable":true,"href":"https:\/\/www.eoiestepona.org\/web\/wp-json\/wp\/v2\/comments?post=2812"}],"version-history":[{"count":6,"href":"https:\/\/www.eoiestepona.org\/web\/wp-json\/wp\/v2\/posts\/2812\/revisions"}],"predecessor-version":[{"id":3472,"href":"https:\/\/www.eoiestepona.org\/web\/wp-json\/wp\/v2\/posts\/2812\/revisions\/3472"}],"wp:featuredmedia":[{"embeddable":true,"href":"https:\/\/www.eoiestepona.org\/web\/wp-json\/wp\/v2\/media\/2209"}],"wp:attachment":[{"href":"https:\/\/www.eoiestepona.org\/web\/wp-json\/wp\/v2\/media?parent=2812"}],"wp:term":[{"taxonomy":"category","embeddable":true,"href":"https:\/\/www.eoiestepona.org\/web\/wp-json\/wp\/v2\/categories?post=2812"},{"taxonomy":"post_tag","embeddable":true,"href":"https:\/\/www.eoiestepona.org\/web\/wp-json\/wp\/v2\/tags?post=2812"}],"curies":[{"name":"wp","href":"https:\/\/api.w.org\/{rel}","templated":true}]}}