{"id":2897,"date":"2021-04-23T12:33:21","date_gmt":"2021-04-23T10:33:21","guid":{"rendered":"http:\/\/www.eoiestepona.org\/web\/?p=2897"},"modified":"2021-04-30T19:28:01","modified_gmt":"2021-04-30T17:28:01","slug":"la-caida-de-vyacheslav-gunin-sav45","status":"publish","type":"post","link":"https:\/\/www.eoiestepona.org\/web\/la-caida-de-vyacheslav-gunin-sav45\/","title":{"rendered":"LA CA\u00cdDA de Vyacheslav Gunin \u00abSav45\u00bb"},"content":{"rendered":"\n<p>LA CA\u00cdDA de Vyacheslav Gunin \u00abSav45\u00bb barriada Isabel Sim\u00f3n.<\/p>\n\n\n\n<p><em><strong>LA CA\u00cdDA (\u00c1NGELA FERRERAS BRACHO &#8211; C1.1A)<\/strong><\/em><\/p>\n\n\n\n<div class=\"wp-block-image\"><figure class=\"alignright size-large is-resized\"><img loading=\"lazy\" decoding=\"async\" src=\"http:\/\/www.eoiestepona.org\/web\/wp-content\/uploads\/2021\/04\/20210430_094449-copia.jpg\" alt=\"\" class=\"wp-image-3477\" width=\"250\" height=\"384\" srcset=\"https:\/\/www.eoiestepona.org\/web\/wp-content\/uploads\/2021\/04\/20210430_094449-copia.jpg 292w, https:\/\/www.eoiestepona.org\/web\/wp-content\/uploads\/2021\/04\/20210430_094449-copia-196x300.jpg 196w\" sizes=\"auto, (max-width: 250px) 100vw, 250px\" \/><\/figure><\/div>\n\n\n\n<p>Located in Isabel Sim\u00f3n, a working-class neighbourhood in the city centre of Estepona, \u2018The Fall\u2019 (\u00abLa Ca\u00edda\u00bb in Spanish) is not just a painting, but a collection of emotions, an oasis of calm and inspiration in the middle of a concrete jungle jammed with uncaring cars and annoying noise.<\/p>\n\n\n\n<p>\u2018The Fall\u2019 has been created by the Russian graffiti artist Vyacheslav Gunin, better known as SAV45, who won the Second International Mural Contest celebrated in Estepona thanks to this artwork. The judges took into account \u2018the social question of this mural, which represents in a mystic way a woman who longs for nature\u2019.<\/p>\n\n\n\n<p>SAV45, whose art is a mixture of different techniques and ideas, has painted murals around the world, most of them in Barcelona (Spain), where he lives, but also in Houston (Texas, US), Berlin (Germany) or Aveiro (Portugal). If you can\u2019t visit them, don\u2019t worry, you can enjoy these pieces of art on his Instagram (<a href=\"https:\/\/www.instagram.com\/sav45\/\"><u>https:\/\/www.instagram.com\/sav45\/<\/u><\/a>).<\/p>\n\n\n\n<pre class=\"wp-block-preformatted\"> \n\n <em>Can you feel it, like I do,<\/em>\n <em>the smell of the blue sea,<\/em>\n <em>the breeze of the pinkish fall wind<\/em>\n <em>and the sound of the robins singing?<\/em>\n <em>Can you feel it, like I do,<\/em>\n <em>the leaves falling to let flowers grow,<\/em>\n <em>the fall dying to let spring come forth,<\/em>\n <em>in this ever changing cycle that is life?<\/em>\n <em>Can you feel it, like I do,<\/em>\n <em>the cold blues and the hot pinks<\/em>\n <em>that surround everything<\/em>\n <em>at this time of the year?<\/em>\n <em>Can you feel it, like I do,<\/em>\n <em>her desire to have wings<\/em>\n <em>to fly and be free?<\/em>\n <em>Can you feel it, like I do,<\/em>\n <em>her boundaries falling away<\/em>\n <em>to breathe new life into her?<\/em>\n <em>Could you let it, like she does,<\/em>\n <em>everything fall into place<\/em>\n <em>in this place called life<\/em>\n <em>where no fall is the end?<\/em> <\/pre>\n\n\n\n<figure class=\"wp-block-gallery columns-2 is-cropped wp-block-gallery-1 is-layout-flex wp-block-gallery-is-layout-flex\"><ul class=\"blocks-gallery-grid\"><li class=\"blocks-gallery-item\"><figure><a href=\"http:\/\/www.eoiestepona.org\/web\/wp-content\/uploads\/2021\/04\/20210430_094449.jpg\"><img loading=\"lazy\" decoding=\"async\" width=\"277\" height=\"448\" src=\"http:\/\/www.eoiestepona.org\/web\/wp-content\/uploads\/2021\/04\/20210430_094449.jpg\" alt=\"\" data-id=\"3478\" data-full-url=\"http:\/\/www.eoiestepona.org\/web\/wp-content\/uploads\/2021\/04\/20210430_094449.jpg\" data-link=\"http:\/\/www.eoiestepona.org\/web\/la-caida-de-vyacheslav-gunin-sav45\/20210430_094449\/\" class=\"wp-image-3478\" srcset=\"https:\/\/www.eoiestepona.org\/web\/wp-content\/uploads\/2021\/04\/20210430_094449.jpg 277w, https:\/\/www.eoiestepona.org\/web\/wp-content\/uploads\/2021\/04\/20210430_094449-185x300.jpg 185w\" sizes=\"auto, (max-width: 277px) 100vw, 277px\" \/><\/a><\/figure><\/li><li class=\"blocks-gallery-item\"><figure><a href=\"http:\/\/www.eoiestepona.org\/web\/wp-content\/uploads\/2021\/04\/20210430_094510.jpg\"><img loading=\"lazy\" decoding=\"async\" width=\"448\" height=\"285\" src=\"http:\/\/www.eoiestepona.org\/web\/wp-content\/uploads\/2021\/04\/20210430_094510.jpg\" alt=\"\" data-id=\"3479\" data-full-url=\"http:\/\/www.eoiestepona.org\/web\/wp-content\/uploads\/2021\/04\/20210430_094510.jpg\" data-link=\"http:\/\/www.eoiestepona.org\/web\/la-caida-de-vyacheslav-gunin-sav45\/20210430_094510\/\" class=\"wp-image-3479\" srcset=\"https:\/\/www.eoiestepona.org\/web\/wp-content\/uploads\/2021\/04\/20210430_094510.jpg 448w, https:\/\/www.eoiestepona.org\/web\/wp-content\/uploads\/2021\/04\/20210430_094510-300x191.jpg 300w\" sizes=\"auto, (max-width: 448px) 100vw, 448px\" \/><\/a><\/figure><\/li><\/ul><\/figure>\n","protected":false},"excerpt":{"rendered":"<p>LA CA\u00cdDA de Vyacheslav Gunin \u00abSav45\u00bb barriada Isabel Sim\u00f3n. LA CA\u00cdDA (\u00c1NGELA FERRERAS BRACHO &#8211; C1.1A) Located in Isabel Sim\u00f3n, a working-class neighbourhood in the city centre of Estepona, \u2018The &#8230;<\/p>\n","protected":false},"author":2,"featured_media":2209,"comment_status":"closed","ping_status":"closed","sticky":false,"template":"","format":"standard","meta":{"footnotes":""},"categories":[41],"tags":[46,43,27,21,24,30,26,28,25,44,23,42,32,51,48,49,47,45,50],"class_list":["post-2897","post","type-post","status-publish","format-standard","has-post-thumbnail","hentry","category-murales","tag-andalucia","tag-culture","tag-english","tag-eoi","tag-estepona","tag-francais","tag-frances","tag-french","tag-ingles","tag-mur","tag-murales","tag-paintings","tag-peintures","tag-pinturas","tag-street","tag-visit","tag-visita","tag-visiter","tag-wall"],"_links":{"self":[{"href":"https:\/\/www.eoiestepona.org\/web\/wp-json\/wp\/v2\/posts\/2897","targetHints":{"allow":["GET"]}}],"collection":[{"href":"https:\/\/www.eoiestepona.org\/web\/wp-json\/wp\/v2\/posts"}],"about":[{"href":"https:\/\/www.eoiestepona.org\/web\/wp-json\/wp\/v2\/types\/post"}],"author":[{"embeddable":true,"href":"https:\/\/www.eoiestepona.org\/web\/wp-json\/wp\/v2\/users\/2"}],"replies":[{"embeddable":true,"href":"https:\/\/www.eoiestepona.org\/web\/wp-json\/wp\/v2\/comments?post=2897"}],"version-history":[{"count":5,"href":"https:\/\/www.eoiestepona.org\/web\/wp-json\/wp\/v2\/posts\/2897\/revisions"}],"predecessor-version":[{"id":3488,"href":"https:\/\/www.eoiestepona.org\/web\/wp-json\/wp\/v2\/posts\/2897\/revisions\/3488"}],"wp:featuredmedia":[{"embeddable":true,"href":"https:\/\/www.eoiestepona.org\/web\/wp-json\/wp\/v2\/media\/2209"}],"wp:attachment":[{"href":"https:\/\/www.eoiestepona.org\/web\/wp-json\/wp\/v2\/media?parent=2897"}],"wp:term":[{"taxonomy":"category","embeddable":true,"href":"https:\/\/www.eoiestepona.org\/web\/wp-json\/wp\/v2\/categories?post=2897"},{"taxonomy":"post_tag","embeddable":true,"href":"https:\/\/www.eoiestepona.org\/web\/wp-json\/wp\/v2\/tags?post=2897"}],"curies":[{"name":"wp","href":"https:\/\/api.w.org\/{rel}","templated":true}]}}