{"id":2905,"date":"2021-04-23T12:48:52","date_gmt":"2021-04-23T10:48:52","guid":{"rendered":"http:\/\/www.eoiestepona.org\/web\/?p=2905"},"modified":"2021-05-04T11:41:50","modified_gmt":"2021-05-04T09:41:50","slug":"la-poda-de-la-buganvilla-de-jose-fernandez-rios-2","status":"publish","type":"post","link":"https:\/\/www.eoiestepona.org\/web\/la-poda-de-la-buganvilla-de-jose-fernandez-rios-2\/","title":{"rendered":"LA PODA DE LA BUGANVILLA de Jos\u00e9 Fern\u00e1ndez R\u00edos."},"content":{"rendered":"\n<p>LA PODA DE LA BUGANVILLA de Jos\u00e9 Fern\u00e1ndez R\u00edos. Avda. San Lorenzo (Colegio V\u00edctor de la Serna).<\/p>\n\n\n\n<p><strong>LA PODA DE LA BUGANVILLA (Antonia Benitez Benitez &#8211; A1)<\/strong><\/p>\n\n\n\n<p>La peinture murale des bougainvilliers est ma pr\u00e9f\u00e9r\u00e9e. Dans cette peinture il y a un jeu avec les spectateurs. La peinture est un trompe-l&#8217;\u0153il. Si vous regardez la peinture vous voyez une personne qui travaille sur une \u00e9chelle. \u00c0 c\u00f4t\u00e9, il y a beaucoup de bougainvilliers. Comme la peinture est faite sur un mur gris, le r\u00e9sultat est tr\u00e8s r\u00e9aliste.  Les couleurs magenta et vert sont compl\u00e9mentaires aussi. Cette chose fait que vous la regardez avec plus d&#8217;attention. C&#8217;est magnifique !!<\/p>\n\n\n\n<figure class=\"wp-block-gallery columns-2 is-cropped wp-block-gallery-1 is-layout-flex wp-block-gallery-is-layout-flex\"><ul class=\"blocks-gallery-grid\"><li class=\"blocks-gallery-item\"><figure><a href=\"http:\/\/www.eoiestepona.org\/web\/wp-content\/uploads\/2021\/05\/20210504_101417.jpg\"><img loading=\"lazy\" decoding=\"async\" width=\"443\" height=\"336\" src=\"http:\/\/www.eoiestepona.org\/web\/wp-content\/uploads\/2021\/05\/20210504_101417.jpg\" alt=\"\" data-id=\"3564\" data-full-url=\"http:\/\/www.eoiestepona.org\/web\/wp-content\/uploads\/2021\/05\/20210504_101417.jpg\" data-link=\"http:\/\/www.eoiestepona.org\/web\/la-poda-de-la-buganvilla-de-jose-fernandez-rios-2\/20210504_101417\/\" class=\"wp-image-3564\" srcset=\"https:\/\/www.eoiestepona.org\/web\/wp-content\/uploads\/2021\/05\/20210504_101417.jpg 443w, https:\/\/www.eoiestepona.org\/web\/wp-content\/uploads\/2021\/05\/20210504_101417-300x228.jpg 300w\" sizes=\"auto, (max-width: 443px) 100vw, 443px\" \/><\/a><\/figure><\/li><li class=\"blocks-gallery-item\"><figure><a href=\"http:\/\/www.eoiestepona.org\/web\/wp-content\/uploads\/2021\/05\/20210504_101426.jpg\"><img loading=\"lazy\" decoding=\"async\" width=\"360\" height=\"336\" src=\"http:\/\/www.eoiestepona.org\/web\/wp-content\/uploads\/2021\/05\/20210504_101426.jpg\" alt=\"\" data-id=\"3565\" data-full-url=\"http:\/\/www.eoiestepona.org\/web\/wp-content\/uploads\/2021\/05\/20210504_101426.jpg\" data-link=\"http:\/\/www.eoiestepona.org\/web\/la-poda-de-la-buganvilla-de-jose-fernandez-rios-2\/20210504_101426\/\" class=\"wp-image-3565\" srcset=\"https:\/\/www.eoiestepona.org\/web\/wp-content\/uploads\/2021\/05\/20210504_101426.jpg 360w, https:\/\/www.eoiestepona.org\/web\/wp-content\/uploads\/2021\/05\/20210504_101426-300x280.jpg 300w\" sizes=\"auto, (max-width: 360px) 100vw, 360px\" \/><\/a><\/figure><\/li><li class=\"blocks-gallery-item\"><figure><a href=\"http:\/\/www.eoiestepona.org\/web\/wp-content\/uploads\/2021\/05\/20210504_101515.jpg\"><img loading=\"lazy\" decoding=\"async\" width=\"448\" height=\"289\" src=\"http:\/\/www.eoiestepona.org\/web\/wp-content\/uploads\/2021\/05\/20210504_101515.jpg\" alt=\"\" data-id=\"3566\" data-full-url=\"http:\/\/www.eoiestepona.org\/web\/wp-content\/uploads\/2021\/05\/20210504_101515.jpg\" data-link=\"http:\/\/www.eoiestepona.org\/web\/la-poda-de-la-buganvilla-de-jose-fernandez-rios-2\/20210504_101515\/\" class=\"wp-image-3566\" srcset=\"https:\/\/www.eoiestepona.org\/web\/wp-content\/uploads\/2021\/05\/20210504_101515.jpg 448w, https:\/\/www.eoiestepona.org\/web\/wp-content\/uploads\/2021\/05\/20210504_101515-300x194.jpg 300w\" sizes=\"auto, (max-width: 448px) 100vw, 448px\" \/><\/a><\/figure><\/li><li class=\"blocks-gallery-item\"><figure><a href=\"http:\/\/www.eoiestepona.org\/web\/wp-content\/uploads\/2021\/05\/20210504_101527.jpg\"><img loading=\"lazy\" decoding=\"async\" width=\"336\" height=\"448\" src=\"http:\/\/www.eoiestepona.org\/web\/wp-content\/uploads\/2021\/05\/20210504_101527.jpg\" alt=\"\" data-id=\"3567\" data-full-url=\"http:\/\/www.eoiestepona.org\/web\/wp-content\/uploads\/2021\/05\/20210504_101527.jpg\" data-link=\"http:\/\/www.eoiestepona.org\/web\/la-poda-de-la-buganvilla-de-jose-fernandez-rios-2\/20210504_101527\/\" class=\"wp-image-3567\" srcset=\"https:\/\/www.eoiestepona.org\/web\/wp-content\/uploads\/2021\/05\/20210504_101527.jpg 336w, https:\/\/www.eoiestepona.org\/web\/wp-content\/uploads\/2021\/05\/20210504_101527-225x300.jpg 225w\" sizes=\"auto, (max-width: 336px) 100vw, 336px\" \/><\/a><\/figure><\/li><\/ul><\/figure>\n","protected":false},"excerpt":{"rendered":"<p>LA PODA DE LA BUGANVILLA de Jos\u00e9 Fern\u00e1ndez R\u00edos. Avda. San Lorenzo (Colegio V\u00edctor de la Serna). LA PODA DE LA BUGANVILLA (Antonia Benitez Benitez &#8211; A1) La peinture murale &#8230;<\/p>\n","protected":false},"author":2,"featured_media":2209,"comment_status":"closed","ping_status":"closed","sticky":false,"template":"","format":"standard","meta":{"footnotes":""},"categories":[41],"tags":[46,43,27,21,24,30,26,28,25,44,23,42,32,51,48,49,47,45,50],"class_list":["post-2905","post","type-post","status-publish","format-standard","has-post-thumbnail","hentry","category-murales","tag-andalucia","tag-culture","tag-english","tag-eoi","tag-estepona","tag-francais","tag-frances","tag-french","tag-ingles","tag-mur","tag-murales","tag-paintings","tag-peintures","tag-pinturas","tag-street","tag-visit","tag-visita","tag-visiter","tag-wall"],"_links":{"self":[{"href":"https:\/\/www.eoiestepona.org\/web\/wp-json\/wp\/v2\/posts\/2905","targetHints":{"allow":["GET"]}}],"collection":[{"href":"https:\/\/www.eoiestepona.org\/web\/wp-json\/wp\/v2\/posts"}],"about":[{"href":"https:\/\/www.eoiestepona.org\/web\/wp-json\/wp\/v2\/types\/post"}],"author":[{"embeddable":true,"href":"https:\/\/www.eoiestepona.org\/web\/wp-json\/wp\/v2\/users\/2"}],"replies":[{"embeddable":true,"href":"https:\/\/www.eoiestepona.org\/web\/wp-json\/wp\/v2\/comments?post=2905"}],"version-history":[{"count":5,"href":"https:\/\/www.eoiestepona.org\/web\/wp-json\/wp\/v2\/posts\/2905\/revisions"}],"predecessor-version":[{"id":3568,"href":"https:\/\/www.eoiestepona.org\/web\/wp-json\/wp\/v2\/posts\/2905\/revisions\/3568"}],"wp:featuredmedia":[{"embeddable":true,"href":"https:\/\/www.eoiestepona.org\/web\/wp-json\/wp\/v2\/media\/2209"}],"wp:attachment":[{"href":"https:\/\/www.eoiestepona.org\/web\/wp-json\/wp\/v2\/media?parent=2905"}],"wp:term":[{"taxonomy":"category","embeddable":true,"href":"https:\/\/www.eoiestepona.org\/web\/wp-json\/wp\/v2\/categories?post=2905"},{"taxonomy":"post_tag","embeddable":true,"href":"https:\/\/www.eoiestepona.org\/web\/wp-json\/wp\/v2\/tags?post=2905"}],"curies":[{"name":"wp","href":"https:\/\/api.w.org\/{rel}","templated":true}]}}