{"id":2914,"date":"2021-04-23T14:48:31","date_gmt":"2021-04-23T12:48:31","guid":{"rendered":"http:\/\/www.eoiestepona.org\/web\/?p=2914"},"modified":"2021-04-30T19:10:19","modified_gmt":"2021-04-30T17:10:19","slug":"el-bosque-de-las-maravillas-de-zosen-y-mina-hamada-2","status":"publish","type":"post","link":"https:\/\/www.eoiestepona.org\/web\/el-bosque-de-las-maravillas-de-zosen-y-mina-hamada-2\/","title":{"rendered":"EL BOSQUE DE LAS MARAVILLAS de Zosen y Mina Hamada."},"content":{"rendered":"\n<p>24 \u2013 EL BOSQUE DE LAS MARAVILLAS de Zosen y Mina Hamada. C\/Terraza, 152.<\/p>\n\n\n\n<p><strong>EL BOSQUE DE LAS MARAVILLAS (MAR\u00cdA JIM\u00c9NEZ P\u00c9REZ &#8211; B1)<\/strong><\/p>\n\n\n\n<div class=\"wp-block-image\"><figure class=\"alignright size-large\"><img loading=\"lazy\" decoding=\"async\" width=\"336\" height=\"434\" src=\"http:\/\/www.eoiestepona.org\/web\/wp-content\/uploads\/2021\/04\/20210430_093513.jpg\" alt=\"\" class=\"wp-image-3430\" srcset=\"https:\/\/www.eoiestepona.org\/web\/wp-content\/uploads\/2021\/04\/20210430_093513.jpg 336w, https:\/\/www.eoiestepona.org\/web\/wp-content\/uploads\/2021\/04\/20210430_093513-232x300.jpg 232w\" sizes=\"auto, (max-width: 336px) 100vw, 336px\" \/><\/figure><\/div>\n\n\n\n<p>Il s\u2019agit d\u2019une peinture murale du peintre argentin Zosen et de la peintre des \u00c9tats-Unis, \u00e9lev\u00e9e au Jap\u00f3n, Mina Hamada. Cette \u0153uvre, de style onirique, a remport\u00e9 le premier Prix du I Concours Internacional de Peintures Murales d&#8217;Estepona de l\u2019ann\u00e9e 2017, dot\u00e9 de dix mille euros.<\/p>\n\n\n\n<p>D\u2019une part, l\u2019objectif principal de cette cr\u00e9ation est de rendre accesible l\u2019art \u00e0 tout type de public, mais aussi d&#8217;inciter au divertissement. D\u2019autre part, selon certains critiques, les artistes ont souhait\u00e9 nous rappeler le livre Alice au Pays des Merveilles, de l\u2019\u00e9crivain anglais Lewis Carrol. En ce qui concerne \u00e0 l\u2019esth\u00e9tique du fresque, c\u2019est agr\u00e9able, avec des formes fantaisistes de couleurs qui cr\u00e9ent une f\u00f4ret de r\u00eave. Zoe et Mina montrent leur style en m\u00e9langeant des fleurs et des plantes avec des figures abstraites, afin de susciter l\u2019imagination des passants. De ma part, je peux trouver quelques symboles, tels que l\u2019arbre, le serpent et la pomme interdite du Jardin de l\u2019Eden. Ce sujet est id\u00e9al pour la ville d&#8217;Estepona, connue sous le nom de \u201cJard\u00edn de la C\u00f4te du Soleil\u201d.<\/p>\n\n\n\n<figure class=\"wp-block-gallery columns-3 is-cropped wp-block-gallery-1 is-layout-flex wp-block-gallery-is-layout-flex\"><ul class=\"blocks-gallery-grid\"><li class=\"blocks-gallery-item\"><figure><a href=\"http:\/\/www.eoiestepona.org\/web\/wp-content\/uploads\/2021\/04\/20210430_093511.jpg\"><img loading=\"lazy\" decoding=\"async\" width=\"336\" height=\"448\" src=\"http:\/\/www.eoiestepona.org\/web\/wp-content\/uploads\/2021\/04\/20210430_093511.jpg\" alt=\"\" data-id=\"3431\" data-full-url=\"http:\/\/www.eoiestepona.org\/web\/wp-content\/uploads\/2021\/04\/20210430_093511.jpg\" data-link=\"http:\/\/www.eoiestepona.org\/web\/el-bosque-de-las-maravillas-de-zosen-y-mina-hamada-2\/20210430_093511\/\" class=\"wp-image-3431\" srcset=\"https:\/\/www.eoiestepona.org\/web\/wp-content\/uploads\/2021\/04\/20210430_093511.jpg 336w, https:\/\/www.eoiestepona.org\/web\/wp-content\/uploads\/2021\/04\/20210430_093511-225x300.jpg 225w\" sizes=\"auto, (max-width: 336px) 100vw, 336px\" \/><\/a><\/figure><\/li><li class=\"blocks-gallery-item\"><figure><a href=\"http:\/\/www.eoiestepona.org\/web\/wp-content\/uploads\/2021\/04\/20210430_093535.jpg\"><img loading=\"lazy\" decoding=\"async\" width=\"336\" height=\"407\" src=\"http:\/\/www.eoiestepona.org\/web\/wp-content\/uploads\/2021\/04\/20210430_093535.jpg\" alt=\"\" data-id=\"3432\" data-full-url=\"http:\/\/www.eoiestepona.org\/web\/wp-content\/uploads\/2021\/04\/20210430_093535.jpg\" data-link=\"http:\/\/www.eoiestepona.org\/web\/el-bosque-de-las-maravillas-de-zosen-y-mina-hamada-2\/20210430_093535\/\" class=\"wp-image-3432\" srcset=\"https:\/\/www.eoiestepona.org\/web\/wp-content\/uploads\/2021\/04\/20210430_093535.jpg 336w, https:\/\/www.eoiestepona.org\/web\/wp-content\/uploads\/2021\/04\/20210430_093535-248x300.jpg 248w\" sizes=\"auto, (max-width: 336px) 100vw, 336px\" \/><\/a><\/figure><\/li><li class=\"blocks-gallery-item\"><figure><a href=\"http:\/\/www.eoiestepona.org\/web\/wp-content\/uploads\/2021\/04\/20210430_093551.jpg\"><img loading=\"lazy\" decoding=\"async\" width=\"171\" height=\"448\" src=\"http:\/\/www.eoiestepona.org\/web\/wp-content\/uploads\/2021\/04\/20210430_093551.jpg\" alt=\"\" data-id=\"3433\" data-full-url=\"http:\/\/www.eoiestepona.org\/web\/wp-content\/uploads\/2021\/04\/20210430_093551.jpg\" data-link=\"http:\/\/www.eoiestepona.org\/web\/el-bosque-de-las-maravillas-de-zosen-y-mina-hamada-2\/20210430_093551\/\" class=\"wp-image-3433\" srcset=\"https:\/\/www.eoiestepona.org\/web\/wp-content\/uploads\/2021\/04\/20210430_093551.jpg 171w, https:\/\/www.eoiestepona.org\/web\/wp-content\/uploads\/2021\/04\/20210430_093551-115x300.jpg 115w\" sizes=\"auto, (max-width: 171px) 100vw, 171px\" \/><\/a><\/figure><\/li><\/ul><\/figure>\n","protected":false},"excerpt":{"rendered":"<p>24 \u2013 EL BOSQUE DE LAS MARAVILLAS de Zosen y Mina Hamada. C\/Terraza, 152. EL BOSQUE DE LAS MARAVILLAS (MAR\u00cdA JIM\u00c9NEZ P\u00c9REZ &#8211; B1) Il s\u2019agit d\u2019une peinture murale du &#8230;<\/p>\n","protected":false},"author":2,"featured_media":2209,"comment_status":"closed","ping_status":"closed","sticky":false,"template":"","format":"standard","meta":{"footnotes":""},"categories":[41],"tags":[46,43,27,21,24,30,26,28,25,44,23,42,32,51,48,49,47,45,50],"class_list":["post-2914","post","type-post","status-publish","format-standard","has-post-thumbnail","hentry","category-murales","tag-andalucia","tag-culture","tag-english","tag-eoi","tag-estepona","tag-francais","tag-frances","tag-french","tag-ingles","tag-mur","tag-murales","tag-paintings","tag-peintures","tag-pinturas","tag-street","tag-visit","tag-visita","tag-visiter","tag-wall"],"_links":{"self":[{"href":"https:\/\/www.eoiestepona.org\/web\/wp-json\/wp\/v2\/posts\/2914","targetHints":{"allow":["GET"]}}],"collection":[{"href":"https:\/\/www.eoiestepona.org\/web\/wp-json\/wp\/v2\/posts"}],"about":[{"href":"https:\/\/www.eoiestepona.org\/web\/wp-json\/wp\/v2\/types\/post"}],"author":[{"embeddable":true,"href":"https:\/\/www.eoiestepona.org\/web\/wp-json\/wp\/v2\/users\/2"}],"replies":[{"embeddable":true,"href":"https:\/\/www.eoiestepona.org\/web\/wp-json\/wp\/v2\/comments?post=2914"}],"version-history":[{"count":4,"href":"https:\/\/www.eoiestepona.org\/web\/wp-json\/wp\/v2\/posts\/2914\/revisions"}],"predecessor-version":[{"id":3434,"href":"https:\/\/www.eoiestepona.org\/web\/wp-json\/wp\/v2\/posts\/2914\/revisions\/3434"}],"wp:featuredmedia":[{"embeddable":true,"href":"https:\/\/www.eoiestepona.org\/web\/wp-json\/wp\/v2\/media\/2209"}],"wp:attachment":[{"href":"https:\/\/www.eoiestepona.org\/web\/wp-json\/wp\/v2\/media?parent=2914"}],"wp:term":[{"taxonomy":"category","embeddable":true,"href":"https:\/\/www.eoiestepona.org\/web\/wp-json\/wp\/v2\/categories?post=2914"},{"taxonomy":"post_tag","embeddable":true,"href":"https:\/\/www.eoiestepona.org\/web\/wp-json\/wp\/v2\/tags?post=2914"}],"curies":[{"name":"wp","href":"https:\/\/api.w.org\/{rel}","templated":true}]}}