{"id":2931,"date":"2021-04-23T15:01:26","date_gmt":"2021-04-23T13:01:26","guid":{"rendered":"http:\/\/www.eoiestepona.org\/web\/?p=2931"},"modified":"2021-04-30T19:30:27","modified_gmt":"2021-04-30T17:30:27","slug":"pasen-y-vean-de-elena-aguilera-2","status":"publish","type":"post","link":"https:\/\/www.eoiestepona.org\/web\/pasen-y-vean-de-elena-aguilera-2\/","title":{"rendered":"PASEN Y VEAN de Elena Aguilera."},"content":{"rendered":"\n<p>PASEN Y VEAN de Elena Aguilera. C\/Goya (Bda. El Cid).<\/p>\n\n\n\n<p><strong>PASEN Y VEAN (David Contreras P\u00e9rez &#8211; B2.1)<\/strong><\/p>\n\n\n\n<div class=\"wp-block-image\"><figure class=\"aligncenter size-large is-resized\"><img loading=\"lazy\" decoding=\"async\" src=\"http:\/\/www.eoiestepona.org\/web\/wp-content\/uploads\/2021\/04\/20210430_105911.jpg\" alt=\"\" class=\"wp-image-3329\" width=\"351\" height=\"254\" srcset=\"https:\/\/www.eoiestepona.org\/web\/wp-content\/uploads\/2021\/04\/20210430_105911.jpg 448w, https:\/\/www.eoiestepona.org\/web\/wp-content\/uploads\/2021\/04\/20210430_105911-300x217.jpg 300w\" sizes=\"auto, (max-width: 351px) 100vw, 351px\" \/><\/figure><\/div>\n\n\n\n<p>Cette fresque r\u00e9alis\u00e9e en f\u00e9vrier 2013 par l\u2019artiste locale <em>Elena Aguilera<\/em>, (avec la collaboration des peintres <em>Alejandro Garc\u00eda<\/em> et <em>Manuel Aguilera<\/em>) est situ\u00e9e dans la rue Goya tr\u00e8s prochaine de la place du <em>Roc\u00edo<\/em>, un des coins le plus pittoresque de la ville.<\/p>\n\n\n\n<p>On peut y voir un collage de quatre sc\u00e8nes typiques du cirque avec quatre trap\u00e9zistes, pendant leur repr\u00e9sentation, dans une perspective tr\u00e8s originale. C\u2019est un exercice d\u00e9taill\u00e9 d\u2019expression du mouvement.<\/p>\n\n\n\n<p>L\u2019artiste a utilis\u00e9 des peintures \u00e0 l\u2019huile et acrylique sur un fond blanc de peinture. Le r\u00e9sultat final a un air \u00e9th\u00e9r\u00e9 et comme sorti d\u2019un r\u00eave, aid\u00e9 aussi par l\u2019utilisation des nuances pastel.<\/p>\n\n\n\n<p>Cette peinture peut \u00eatre vue comme une bande dessin\u00e9e g\u00e9ante qui est tr\u00e8s appr\u00e9ci\u00e9e par les enfants. En fait, ce n\u2019est pas difficile de trouver quelqu\u2019un sur le trottoir qui la regarde un peu \u00e9bahi.<\/p>\n\n\n\n<figure class=\"wp-block-gallery columns-2 is-cropped wp-block-gallery-1 is-layout-flex wp-block-gallery-is-layout-flex\"><ul class=\"blocks-gallery-grid\"><li class=\"blocks-gallery-item\"><figure><a href=\"http:\/\/www.eoiestepona.org\/web\/wp-content\/uploads\/2021\/04\/20210430_105849.jpg\"><img loading=\"lazy\" decoding=\"async\" width=\"448\" height=\"336\" src=\"http:\/\/www.eoiestepona.org\/web\/wp-content\/uploads\/2021\/04\/20210430_105849.jpg\" alt=\"\" data-id=\"3330\" data-full-url=\"http:\/\/www.eoiestepona.org\/web\/wp-content\/uploads\/2021\/04\/20210430_105849.jpg\" data-link=\"http:\/\/www.eoiestepona.org\/web\/pasen-y-vean-de-elena-aguilera-2\/20210430_105849\/\" class=\"wp-image-3330\" srcset=\"https:\/\/www.eoiestepona.org\/web\/wp-content\/uploads\/2021\/04\/20210430_105849.jpg 448w, https:\/\/www.eoiestepona.org\/web\/wp-content\/uploads\/2021\/04\/20210430_105849-300x225.jpg 300w\" sizes=\"auto, (max-width: 448px) 100vw, 448px\" \/><\/a><\/figure><\/li><li class=\"blocks-gallery-item\"><figure><a href=\"http:\/\/www.eoiestepona.org\/web\/wp-content\/uploads\/2021\/04\/20210430_105857.jpg\"><img loading=\"lazy\" decoding=\"async\" width=\"336\" height=\"402\" src=\"http:\/\/www.eoiestepona.org\/web\/wp-content\/uploads\/2021\/04\/20210430_105857.jpg\" alt=\"\" data-id=\"3331\" data-full-url=\"http:\/\/www.eoiestepona.org\/web\/wp-content\/uploads\/2021\/04\/20210430_105857.jpg\" data-link=\"http:\/\/www.eoiestepona.org\/web\/pasen-y-vean-de-elena-aguilera-2\/20210430_105857\/\" class=\"wp-image-3331\" srcset=\"https:\/\/www.eoiestepona.org\/web\/wp-content\/uploads\/2021\/04\/20210430_105857.jpg 336w, https:\/\/www.eoiestepona.org\/web\/wp-content\/uploads\/2021\/04\/20210430_105857-251x300.jpg 251w\" sizes=\"auto, (max-width: 336px) 100vw, 336px\" \/><\/a><\/figure><\/li><li class=\"blocks-gallery-item\"><figure><a href=\"http:\/\/www.eoiestepona.org\/web\/wp-content\/uploads\/2021\/04\/20210430_105927.jpg\"><img loading=\"lazy\" decoding=\"async\" width=\"318\" height=\"448\" src=\"http:\/\/www.eoiestepona.org\/web\/wp-content\/uploads\/2021\/04\/20210430_105927.jpg\" alt=\"\" data-id=\"3332\" data-full-url=\"http:\/\/www.eoiestepona.org\/web\/wp-content\/uploads\/2021\/04\/20210430_105927.jpg\" data-link=\"http:\/\/www.eoiestepona.org\/web\/pasen-y-vean-de-elena-aguilera-2\/20210430_105927\/\" class=\"wp-image-3332\" srcset=\"https:\/\/www.eoiestepona.org\/web\/wp-content\/uploads\/2021\/04\/20210430_105927.jpg 318w, https:\/\/www.eoiestepona.org\/web\/wp-content\/uploads\/2021\/04\/20210430_105927-213x300.jpg 213w\" sizes=\"auto, (max-width: 318px) 100vw, 318px\" \/><\/a><\/figure><\/li><li class=\"blocks-gallery-item\"><figure><a href=\"http:\/\/www.eoiestepona.org\/web\/wp-content\/uploads\/2021\/04\/20210430_105936.jpg\"><img loading=\"lazy\" decoding=\"async\" width=\"448\" height=\"317\" src=\"http:\/\/www.eoiestepona.org\/web\/wp-content\/uploads\/2021\/04\/20210430_105936.jpg\" alt=\"\" data-id=\"3333\" data-full-url=\"http:\/\/www.eoiestepona.org\/web\/wp-content\/uploads\/2021\/04\/20210430_105936.jpg\" data-link=\"http:\/\/www.eoiestepona.org\/web\/pasen-y-vean-de-elena-aguilera-2\/20210430_105936\/\" class=\"wp-image-3333\" srcset=\"https:\/\/www.eoiestepona.org\/web\/wp-content\/uploads\/2021\/04\/20210430_105936.jpg 448w, https:\/\/www.eoiestepona.org\/web\/wp-content\/uploads\/2021\/04\/20210430_105936-300x212.jpg 300w\" sizes=\"auto, (max-width: 448px) 100vw, 448px\" \/><\/a><\/figure><\/li><li class=\"blocks-gallery-item\"><figure><a href=\"http:\/\/www.eoiestepona.org\/web\/wp-content\/uploads\/2021\/04\/20210430_110000.jpg\"><img loading=\"lazy\" decoding=\"async\" width=\"336\" height=\"344\" src=\"http:\/\/www.eoiestepona.org\/web\/wp-content\/uploads\/2021\/04\/20210430_110000.jpg\" alt=\"\" data-id=\"3334\" data-full-url=\"http:\/\/www.eoiestepona.org\/web\/wp-content\/uploads\/2021\/04\/20210430_110000.jpg\" data-link=\"http:\/\/www.eoiestepona.org\/web\/pasen-y-vean-de-elena-aguilera-2\/20210430_110000\/\" class=\"wp-image-3334\" srcset=\"https:\/\/www.eoiestepona.org\/web\/wp-content\/uploads\/2021\/04\/20210430_110000.jpg 336w, https:\/\/www.eoiestepona.org\/web\/wp-content\/uploads\/2021\/04\/20210430_110000-293x300.jpg 293w\" sizes=\"auto, (max-width: 336px) 100vw, 336px\" \/><\/a><\/figure><\/li><\/ul><\/figure>\n","protected":false},"excerpt":{"rendered":"<p>PASEN Y VEAN de Elena Aguilera. C\/Goya (Bda. El Cid). PASEN Y VEAN (David Contreras P\u00e9rez &#8211; B2.1) Cette fresque r\u00e9alis\u00e9e en f\u00e9vrier 2013 par l\u2019artiste locale Elena Aguilera, (avec &#8230;<\/p>\n","protected":false},"author":2,"featured_media":2209,"comment_status":"closed","ping_status":"closed","sticky":false,"template":"","format":"standard","meta":{"footnotes":""},"categories":[41],"tags":[46,43,27,21,24,30,26,28,25,52,44,23,42,32,51,48,49,47,45,50],"class_list":["post-2931","post","type-post","status-publish","format-standard","has-post-thumbnail","hentry","category-murales","tag-andalucia","tag-culture","tag-english","tag-eoi","tag-estepona","tag-francais","tag-frances","tag-french","tag-ingles","tag-malaga","tag-mur","tag-murales","tag-paintings","tag-peintures","tag-pinturas","tag-street","tag-visit","tag-visita","tag-visiter","tag-wall"],"_links":{"self":[{"href":"https:\/\/www.eoiestepona.org\/web\/wp-json\/wp\/v2\/posts\/2931","targetHints":{"allow":["GET"]}}],"collection":[{"href":"https:\/\/www.eoiestepona.org\/web\/wp-json\/wp\/v2\/posts"}],"about":[{"href":"https:\/\/www.eoiestepona.org\/web\/wp-json\/wp\/v2\/types\/post"}],"author":[{"embeddable":true,"href":"https:\/\/www.eoiestepona.org\/web\/wp-json\/wp\/v2\/users\/2"}],"replies":[{"embeddable":true,"href":"https:\/\/www.eoiestepona.org\/web\/wp-json\/wp\/v2\/comments?post=2931"}],"version-history":[{"count":5,"href":"https:\/\/www.eoiestepona.org\/web\/wp-json\/wp\/v2\/posts\/2931\/revisions"}],"predecessor-version":[{"id":3497,"href":"https:\/\/www.eoiestepona.org\/web\/wp-json\/wp\/v2\/posts\/2931\/revisions\/3497"}],"wp:featuredmedia":[{"embeddable":true,"href":"https:\/\/www.eoiestepona.org\/web\/wp-json\/wp\/v2\/media\/2209"}],"wp:attachment":[{"href":"https:\/\/www.eoiestepona.org\/web\/wp-json\/wp\/v2\/media?parent=2931"}],"wp:term":[{"taxonomy":"category","embeddable":true,"href":"https:\/\/www.eoiestepona.org\/web\/wp-json\/wp\/v2\/categories?post=2931"},{"taxonomy":"post_tag","embeddable":true,"href":"https:\/\/www.eoiestepona.org\/web\/wp-json\/wp\/v2\/tags?post=2931"}],"curies":[{"name":"wp","href":"https:\/\/api.w.org\/{rel}","templated":true}]}}