{"id":2947,"date":"2021-04-23T15:24:18","date_gmt":"2021-04-23T13:24:18","guid":{"rendered":"http:\/\/www.eoiestepona.org\/web\/?p=2947"},"modified":"2021-05-04T11:30:01","modified_gmt":"2021-05-04T09:30:01","slug":"siglo-xxi-de-nestor-prada-2","status":"publish","type":"post","link":"https:\/\/www.eoiestepona.org\/web\/siglo-xxi-de-nestor-prada-2\/","title":{"rendered":"SIGLO XXI de N\u00e9stor Prada."},"content":{"rendered":"\n<p>SIGLO XXI de N\u00e9stor Prada. Plaza ABC.<\/p>\n\n\n\n<div class=\"wp-block-image\"><figure class=\"alignright size-large\"><img loading=\"lazy\" decoding=\"async\" width=\"336\" height=\"448\" src=\"http:\/\/www.eoiestepona.org\/web\/wp-content\/uploads\/2021\/05\/20210504_100542.jpg\" alt=\"\" class=\"wp-image-3547\" srcset=\"https:\/\/www.eoiestepona.org\/web\/wp-content\/uploads\/2021\/05\/20210504_100542.jpg 336w, https:\/\/www.eoiestepona.org\/web\/wp-content\/uploads\/2021\/05\/20210504_100542-225x300.jpg 225w\" sizes=\"auto, (max-width: 336px) 100vw, 336px\" \/><\/figure><\/div>\n\n\n\n<p><strong>SIGLO XXI (ANA ISABEL MU\u00d1OZ MU\u00d1OZ &#8211; C1.2)<\/strong><br>Cette peinture murale fait partie des plus de 60 peintures murales qui d\u00e9corent les fa\u00e7ades de b\u00e2timents dans les diff\u00e9rents quartiers de la ville d&#8217;Estepona, dans un projet d&#8217;art mural cr\u00e9\u00e9 il y a plusieurs ann\u00e9es qui vise \u00e0 amener la culture dans la rue en valorisant ces espaces. C&#8217;est une sorte de galerie d&#8217;art de rue.<br><em>Siglo XXI<\/em> a \u00e9t\u00e9 peint en 2013 par N\u00e9stor Prada, un peintre uruguayen vivant \u00e0 Estepona.<br>Cette \u0153uvre d&#8217;art repr\u00e9sente des espaces symboliques tels que l\u2019\u00e9glise de Nuestra Se\u00f1ora de los Remedios, la Sierra Bermeja, la mer ou les fruits de la terre. De m\u00eame, nous pouvons lire les mots art, culture et Estepona.<br>J&#8217;ai choisi cette peinture murale parce qu&#8217;il me semble qu&#8217;elle repr\u00e9sente de mani\u00e8re exemplaire le style urbain de ce projet. Selon l&#8217;auteur, il s&#8217;agit d&#8217;une peinture murale d&#8217;inspiration constructiviste.<br>L&#8217;auteur de cette \u0153uvre murale a r\u00e9ussi du point de vue conceptuel et esth\u00e9tique en choisissant un style artistique qui a \u00e9merg\u00e9 \u00e0 des fins de propagande. Sur le plan esth\u00e9tique, je mettrais en valeur la simplicit\u00e9 de ses lignes, ainsi que sa grande ma\u00eetrise de la composition et de la combinaison de couleurs.<br>Enfin, dans cette fresque, ce que je vois c&#8217;est l&#8217;\u0153uvre d&#8217;un artiste lucide et dou\u00e9 qui a montr\u00e9 sa grande affection et sa grande connaissance de la ville qui l&#8217;a accueilli.<\/p>\n\n\n\n<figure class=\"wp-block-gallery columns-2 is-cropped wp-block-gallery-1 is-layout-flex wp-block-gallery-is-layout-flex\"><ul class=\"blocks-gallery-grid\"><li class=\"blocks-gallery-item\"><figure><a href=\"http:\/\/www.eoiestepona.org\/web\/wp-content\/uploads\/2021\/05\/20210504_100545.jpg\"><img loading=\"lazy\" decoding=\"async\" width=\"336\" height=\"342\" src=\"http:\/\/www.eoiestepona.org\/web\/wp-content\/uploads\/2021\/05\/20210504_100545.jpg\" alt=\"\" data-id=\"3548\" data-full-url=\"http:\/\/www.eoiestepona.org\/web\/wp-content\/uploads\/2021\/05\/20210504_100545.jpg\" data-link=\"http:\/\/www.eoiestepona.org\/web\/siglo-xxi-de-nestor-prada-2\/20210504_100545\/\" class=\"wp-image-3548\" srcset=\"https:\/\/www.eoiestepona.org\/web\/wp-content\/uploads\/2021\/05\/20210504_100545.jpg 336w, https:\/\/www.eoiestepona.org\/web\/wp-content\/uploads\/2021\/05\/20210504_100545-295x300.jpg 295w\" sizes=\"auto, (max-width: 336px) 100vw, 336px\" \/><\/a><\/figure><\/li><li class=\"blocks-gallery-item\"><figure><a href=\"http:\/\/www.eoiestepona.org\/web\/wp-content\/uploads\/2021\/05\/20210504_100553.jpg\"><img loading=\"lazy\" decoding=\"async\" width=\"305\" height=\"337\" src=\"http:\/\/www.eoiestepona.org\/web\/wp-content\/uploads\/2021\/05\/20210504_100553.jpg\" alt=\"\" data-id=\"3549\" data-full-url=\"http:\/\/www.eoiestepona.org\/web\/wp-content\/uploads\/2021\/05\/20210504_100553.jpg\" data-link=\"http:\/\/www.eoiestepona.org\/web\/siglo-xxi-de-nestor-prada-2\/20210504_100553\/\" class=\"wp-image-3549\" srcset=\"https:\/\/www.eoiestepona.org\/web\/wp-content\/uploads\/2021\/05\/20210504_100553.jpg 305w, https:\/\/www.eoiestepona.org\/web\/wp-content\/uploads\/2021\/05\/20210504_100553-272x300.jpg 272w\" sizes=\"auto, (max-width: 305px) 100vw, 305px\" \/><\/a><\/figure><\/li><\/ul><\/figure>\n","protected":false},"excerpt":{"rendered":"<p>SIGLO XXI de N\u00e9stor Prada. Plaza ABC. SIGLO XXI (ANA ISABEL MU\u00d1OZ MU\u00d1OZ &#8211; C1.2)Cette peinture murale fait partie des plus de 60 peintures murales qui d\u00e9corent les fa\u00e7ades de &#8230;<\/p>\n","protected":false},"author":2,"featured_media":2209,"comment_status":"closed","ping_status":"closed","sticky":false,"template":"","format":"standard","meta":{"footnotes":""},"categories":[41],"tags":[46,43,27,21,24,30,26,28,25,52,44,23,42,32,51,48,49,47,45,50],"class_list":["post-2947","post","type-post","status-publish","format-standard","has-post-thumbnail","hentry","category-murales","tag-andalucia","tag-culture","tag-english","tag-eoi","tag-estepona","tag-francais","tag-frances","tag-french","tag-ingles","tag-malaga","tag-mur","tag-murales","tag-paintings","tag-peintures","tag-pinturas","tag-street","tag-visit","tag-visita","tag-visiter","tag-wall"],"_links":{"self":[{"href":"https:\/\/www.eoiestepona.org\/web\/wp-json\/wp\/v2\/posts\/2947","targetHints":{"allow":["GET"]}}],"collection":[{"href":"https:\/\/www.eoiestepona.org\/web\/wp-json\/wp\/v2\/posts"}],"about":[{"href":"https:\/\/www.eoiestepona.org\/web\/wp-json\/wp\/v2\/types\/post"}],"author":[{"embeddable":true,"href":"https:\/\/www.eoiestepona.org\/web\/wp-json\/wp\/v2\/users\/2"}],"replies":[{"embeddable":true,"href":"https:\/\/www.eoiestepona.org\/web\/wp-json\/wp\/v2\/comments?post=2947"}],"version-history":[{"count":5,"href":"https:\/\/www.eoiestepona.org\/web\/wp-json\/wp\/v2\/posts\/2947\/revisions"}],"predecessor-version":[{"id":3550,"href":"https:\/\/www.eoiestepona.org\/web\/wp-json\/wp\/v2\/posts\/2947\/revisions\/3550"}],"wp:featuredmedia":[{"embeddable":true,"href":"https:\/\/www.eoiestepona.org\/web\/wp-json\/wp\/v2\/media\/2209"}],"wp:attachment":[{"href":"https:\/\/www.eoiestepona.org\/web\/wp-json\/wp\/v2\/media?parent=2947"}],"wp:term":[{"taxonomy":"category","embeddable":true,"href":"https:\/\/www.eoiestepona.org\/web\/wp-json\/wp\/v2\/categories?post=2947"},{"taxonomy":"post_tag","embeddable":true,"href":"https:\/\/www.eoiestepona.org\/web\/wp-json\/wp\/v2\/tags?post=2947"}],"curies":[{"name":"wp","href":"https:\/\/api.w.org\/{rel}","templated":true}]}}