{"id":2950,"date":"2021-04-23T15:27:06","date_gmt":"2021-04-23T13:27:06","guid":{"rendered":"http:\/\/www.eoiestepona.org\/web\/?p=2950"},"modified":"2021-04-30T19:29:42","modified_gmt":"2021-04-30T17:29:42","slug":"la-mirada-de-un-nino-de-francisco-alarcon-2","status":"publish","type":"post","link":"https:\/\/www.eoiestepona.org\/web\/la-mirada-de-un-nino-de-francisco-alarcon-2\/","title":{"rendered":"LA MIRADA DE UN NI\u00d1O de Francisco Alarc\u00f3n."},"content":{"rendered":"\n<p>LA MIRADA DE UN NI\u00d1O de Francisco Alarc\u00f3n. C\/Terraza (Bda. Primavera).<\/p>\n\n\n\n<div class=\"wp-block-image\"><figure class=\"alignright size-large is-resized\"><img loading=\"lazy\" decoding=\"async\" src=\"http:\/\/www.eoiestepona.org\/web\/wp-content\/uploads\/2021\/04\/20210430_094714.jpg\" alt=\"\" class=\"wp-image-3316\" width=\"198\" height=\"135\" srcset=\"https:\/\/www.eoiestepona.org\/web\/wp-content\/uploads\/2021\/04\/20210430_094714.jpg 448w, https:\/\/www.eoiestepona.org\/web\/wp-content\/uploads\/2021\/04\/20210430_094714-300x204.jpg 300w\" sizes=\"auto, (max-width: 198px) 100vw, 198px\" \/><\/figure><\/div>\n\n\n\n<p><\/p>\n\n\n\n<p><strong>LA MIRADA DE UN NI\u00d1O (Noelia Andrade Contreras -C1.2)<\/strong><\/p>\n\n\n\n<p>Dans la rue Terraza, au c\u0153ur d\u2019Estepona, vous trouverez la peinture murale de Francisco Alarc\u00f3n \u201cLa mirada de un ni\u00f1o\u201d. C\u2019est une oeuvre dans diff\u00e9rentes nuances de gris dans laquelle on peut admirer le premier plan d\u2019un enfant. Avec ce travail, l\u2019artiste veut souligner l\u2019importance de l\u2019apprentissage, du d\u00e9veloppement personnel et de la cr\u00e9ativit\u00e9 chez les enfants, pour cela il s\u2019est inspir\u00e9 de son propre fils. En plus du premier plan de l\u2019enfant, la peinture murale repr\u00e9sente trois figures g\u00e9om\u00e9triques au-dessus de la t\u00eate de l\u2019enfant: un carr\u00e9, un cercle et un triangle. Avec ces trois \u00e9l\u00e9ments qui semblent sortir des pens\u00e9es de l\u2019enfant, l\u2019auteur veut symboliser la cr\u00e9ativit\u00e9 des plus petits.<\/p>\n\n\n\n<p>Francisco Alarc\u00f3n est dipl\u00f4m\u00e9 en Beaux-arts, peintre et sculpteur. Une partie de son travail se trouve dans diff\u00e9rents coins d\u2019Estepona, sa ville natale, comme la sculpture du \u201cChrist r\u00e9dempteur\u201d de la rue Guadiaro ou la peinture murale qui nous concerne ici. De plus, il a cr\u00e9\u00e9 une \u00e9cole de peinture o\u00f9 il enseigne aux enfants et aux adultes \u00e0 d\u00e9velopper leur c\u00f4t\u00e9 le plus cr\u00e9atif.<\/p>\n\n\n\n<figure class=\"wp-block-gallery columns-2 is-cropped wp-block-gallery-1 is-layout-flex wp-block-gallery-is-layout-flex\"><ul class=\"blocks-gallery-grid\"><li class=\"blocks-gallery-item\"><figure><a href=\"http:\/\/www.eoiestepona.org\/web\/wp-content\/uploads\/2021\/04\/20210430_094658.jpg\"><img loading=\"lazy\" decoding=\"async\" width=\"260\" height=\"448\" src=\"http:\/\/www.eoiestepona.org\/web\/wp-content\/uploads\/2021\/04\/20210430_094658.jpg\" alt=\"\" data-id=\"3317\" data-full-url=\"http:\/\/www.eoiestepona.org\/web\/wp-content\/uploads\/2021\/04\/20210430_094658.jpg\" data-link=\"http:\/\/www.eoiestepona.org\/web\/la-mirada-de-un-nino-de-francisco-alarcon-2\/20210430_094658\/\" class=\"wp-image-3317\" srcset=\"https:\/\/www.eoiestepona.org\/web\/wp-content\/uploads\/2021\/04\/20210430_094658.jpg 260w, https:\/\/www.eoiestepona.org\/web\/wp-content\/uploads\/2021\/04\/20210430_094658-174x300.jpg 174w\" sizes=\"auto, (max-width: 260px) 100vw, 260px\" \/><\/a><\/figure><\/li><li class=\"blocks-gallery-item\"><figure><a href=\"http:\/\/www.eoiestepona.org\/web\/wp-content\/uploads\/2021\/04\/20210430_094707.jpg\"><img loading=\"lazy\" decoding=\"async\" width=\"312\" height=\"448\" src=\"http:\/\/www.eoiestepona.org\/web\/wp-content\/uploads\/2021\/04\/20210430_094707.jpg\" alt=\"\" data-id=\"3318\" data-full-url=\"http:\/\/www.eoiestepona.org\/web\/wp-content\/uploads\/2021\/04\/20210430_094707.jpg\" data-link=\"http:\/\/www.eoiestepona.org\/web\/la-mirada-de-un-nino-de-francisco-alarcon-2\/20210430_094707\/\" class=\"wp-image-3318\" srcset=\"https:\/\/www.eoiestepona.org\/web\/wp-content\/uploads\/2021\/04\/20210430_094707.jpg 312w, https:\/\/www.eoiestepona.org\/web\/wp-content\/uploads\/2021\/04\/20210430_094707-209x300.jpg 209w\" sizes=\"auto, (max-width: 312px) 100vw, 312px\" \/><\/a><\/figure><\/li><\/ul><\/figure>\n","protected":false},"excerpt":{"rendered":"<p>LA MIRADA DE UN NI\u00d1O de Francisco Alarc\u00f3n. C\/Terraza (Bda. Primavera). LA MIRADA DE UN NI\u00d1O (Noelia Andrade Contreras -C1.2) Dans la rue Terraza, au c\u0153ur d\u2019Estepona, vous trouverez la &#8230;<\/p>\n","protected":false},"author":2,"featured_media":2209,"comment_status":"closed","ping_status":"closed","sticky":false,"template":"","format":"standard","meta":{"footnotes":""},"categories":[41],"tags":[46,43,27,21,24,30,26,28,25,52,44,23,42,32,51,48,49,47,45,50],"class_list":["post-2950","post","type-post","status-publish","format-standard","has-post-thumbnail","hentry","category-murales","tag-andalucia","tag-culture","tag-english","tag-eoi","tag-estepona","tag-francais","tag-frances","tag-french","tag-ingles","tag-malaga","tag-mur","tag-murales","tag-paintings","tag-peintures","tag-pinturas","tag-street","tag-visit","tag-visita","tag-visiter","tag-wall"],"_links":{"self":[{"href":"https:\/\/www.eoiestepona.org\/web\/wp-json\/wp\/v2\/posts\/2950","targetHints":{"allow":["GET"]}}],"collection":[{"href":"https:\/\/www.eoiestepona.org\/web\/wp-json\/wp\/v2\/posts"}],"about":[{"href":"https:\/\/www.eoiestepona.org\/web\/wp-json\/wp\/v2\/types\/post"}],"author":[{"embeddable":true,"href":"https:\/\/www.eoiestepona.org\/web\/wp-json\/wp\/v2\/users\/2"}],"replies":[{"embeddable":true,"href":"https:\/\/www.eoiestepona.org\/web\/wp-json\/wp\/v2\/comments?post=2950"}],"version-history":[{"count":5,"href":"https:\/\/www.eoiestepona.org\/web\/wp-json\/wp\/v2\/posts\/2950\/revisions"}],"predecessor-version":[{"id":3493,"href":"https:\/\/www.eoiestepona.org\/web\/wp-json\/wp\/v2\/posts\/2950\/revisions\/3493"}],"wp:featuredmedia":[{"embeddable":true,"href":"https:\/\/www.eoiestepona.org\/web\/wp-json\/wp\/v2\/media\/2209"}],"wp:attachment":[{"href":"https:\/\/www.eoiestepona.org\/web\/wp-json\/wp\/v2\/media?parent=2950"}],"wp:term":[{"taxonomy":"category","embeddable":true,"href":"https:\/\/www.eoiestepona.org\/web\/wp-json\/wp\/v2\/categories?post=2950"},{"taxonomy":"post_tag","embeddable":true,"href":"https:\/\/www.eoiestepona.org\/web\/wp-json\/wp\/v2\/tags?post=2950"}],"curies":[{"name":"wp","href":"https:\/\/api.w.org\/{rel}","templated":true}]}}