{"id":3071,"date":"2022-04-04T18:06:17","date_gmt":"2022-04-04T16:06:17","guid":{"rendered":"http:\/\/www.eoiestepona.org\/web\/?p=3071"},"modified":"2022-04-04T18:57:55","modified_gmt":"2022-04-04T16:57:55","slug":"in-memoriam-de-pilar-castanon-y-maria-romero","status":"publish","type":"post","link":"https:\/\/www.eoiestepona.org\/web\/in-memoriam-de-pilar-castanon-y-maria-romero\/","title":{"rendered":"IN MEMORIAM de Pilar Casta\u00f1\u00f3n y Mar\u00eda Romero."},"content":{"rendered":"\n<p>11 \u2013 IN MEMORIAM de Pilar Casta\u00f1\u00f3n y Mar\u00eda Romero. Avda. Juan Carlos I (Bda. San Isidro).<\/p>\n\n\n\n<p><strong>IN MEMORIAM<\/strong><\/p>\n\n\n\n<div class=\"wp-block-image\"><figure class=\"alignright size-large is-resized\"><img loading=\"lazy\" decoding=\"async\" src=\"http:\/\/www.eoiestepona.org\/web\/wp-content\/uploads\/2021\/04\/20210430_130635.jpg\" alt=\"\" class=\"wp-image-3419\" width=\"292\" height=\"299\" srcset=\"https:\/\/www.eoiestepona.org\/web\/wp-content\/uploads\/2021\/04\/20210430_130635.jpg 336w, https:\/\/www.eoiestepona.org\/web\/wp-content\/uploads\/2021\/04\/20210430_130635-293x300.jpg 293w\" sizes=\"auto, (max-width: 292px) 100vw, 292px\" \/><\/figure><\/div>\n\n\n\n<p>M. FLUCHE C B1<\/p>\n\n\n\n<p>Il s\u2019agit d\u2019une fresque murale intitul\u00e9e In Memoriam r\u00e9alis\u00e9e et offerte par les artistes Pilar Casta\u00f1\u00f3n et Mar\u00eda Romero Calder\u00f3n en 2016, en hommage \u00e0 tous les enfants qui sont morts en fuyant la guerre pour venir en Europe.<\/p>\n\n\n\n<p>La sc\u00e8ne se passe&nbsp;\u00e0 l&#8217;ext\u00e9rieur, le jour, sur la plage.Les couleurs dominantes sont des couleurs froides qui transmettent la tristesse.<\/p>\n\n\n\n<p>Au premier plan, au centre on voit un enfant qui se tient d\u00e9bout et qui est de dos, il semble dire au revoir.<\/p>\n\n\n\n<p>Au second plan, il y a la mer et sur la mer \u00e0 gauche, on aper\u00e7oit un voilier.<\/p>\n\n\n\n<p>\u00c0 arri\u00e8re-plan, on voit un ciel nuageux.<\/p>\n\n\n\n<p>L\u2019enfant porte un t-shirt rouge avec un pantalon court bleu, il est pieds nus.<\/p>\n\n\n\n<p>\u00c0 mon avis, les artistes se sont inspir\u00e9es sur la photo d\u2019AylanKurdi, un petit enfant kurde de trois ans, retrouv\u00e9 mort face contre terre sur une plage turque le 2 septembre 2015.<\/p>\n\n\n\n<p><\/p>\n\n\n\n<figure class=\"wp-block-gallery columns-2 is-cropped wp-block-gallery-1 is-layout-flex wp-block-gallery-is-layout-flex\"><ul class=\"blocks-gallery-grid\"><li class=\"blocks-gallery-item\"><figure><a href=\"http:\/\/www.eoiestepona.org\/web\/wp-content\/uploads\/2021\/04\/20210430_130615.jpg\"><img loading=\"lazy\" decoding=\"async\" width=\"268\" height=\"448\" src=\"http:\/\/www.eoiestepona.org\/web\/wp-content\/uploads\/2021\/04\/20210430_130615.jpg\" alt=\"\" data-id=\"3417\" data-full-url=\"http:\/\/www.eoiestepona.org\/web\/wp-content\/uploads\/2021\/04\/20210430_130615.jpg\" data-link=\"http:\/\/www.eoiestepona.org\/web\/in-memoriam-de-pilar-castanon-y-maria-romero\/20210430_130615\/\" class=\"wp-image-3417\" srcset=\"https:\/\/www.eoiestepona.org\/web\/wp-content\/uploads\/2021\/04\/20210430_130615.jpg 268w, https:\/\/www.eoiestepona.org\/web\/wp-content\/uploads\/2021\/04\/20210430_130615-179x300.jpg 179w\" sizes=\"auto, (max-width: 268px) 100vw, 268px\" \/><\/a><\/figure><\/li><li class=\"blocks-gallery-item\"><figure><a href=\"http:\/\/www.eoiestepona.org\/web\/wp-content\/uploads\/2021\/04\/20210430_130629.jpg\"><img loading=\"lazy\" decoding=\"async\" width=\"405\" height=\"336\" src=\"http:\/\/www.eoiestepona.org\/web\/wp-content\/uploads\/2021\/04\/20210430_130629.jpg\" alt=\"\" data-id=\"3418\" data-full-url=\"http:\/\/www.eoiestepona.org\/web\/wp-content\/uploads\/2021\/04\/20210430_130629.jpg\" data-link=\"http:\/\/www.eoiestepona.org\/web\/in-memoriam-de-pilar-castanon-y-maria-romero\/20210430_130629\/\" class=\"wp-image-3418\" srcset=\"https:\/\/www.eoiestepona.org\/web\/wp-content\/uploads\/2021\/04\/20210430_130629.jpg 405w, https:\/\/www.eoiestepona.org\/web\/wp-content\/uploads\/2021\/04\/20210430_130629-300x249.jpg 300w\" sizes=\"auto, (max-width: 405px) 100vw, 405px\" \/><\/a><\/figure><\/li><\/ul><\/figure>\n\n\n\n<p><strong>IN MEMORIAN<\/strong><\/p>\n\n\n\n<p>RAQUEL C\u00d3RCOLES VALLEJO B2.1<\/p>\n\n\n\n<p>Cette fresque de pr\u00e8s de 100m2 est d\u00e9di\u00e9e aux enfants r\u00e9fugi\u00e9s, comme un reflet de la situation migratoire que conna\u00eet l&#8217;Union europ\u00e9enne, si actuelle en cette p\u00e9riode, avec la guerre en Ukraine.<\/p>\n\n\n\n<p>L&#8217;\u0153uvre nous montre au premier plan et dans la partie inf\u00e9rieure un enfant dos au public, debout pieds nus sur le sable de la plage le regard tourn\u00e9 vers la mer et disant au revoir de sa main droite.<\/p>\n\n\n\n<p>La mise en valeur de la couleur rouge de son T-shirt, est sans aucun doute l&#8217;\u00e9l\u00e9ment qui se d\u00e9marque le plus puisque dans le reste de l&#8217;\u0153uvre, les couleurs gris et bleu pastel clair pr\u00e9dominent.<\/p>\n\n\n\n<p>Le fond, presque les 3\/4 de la fresque, repr\u00e9sente la mer et l&#8217;horizon, seulement coup\u00e9 par deux voiliers au milieu de la peinture situ\u00e9s \u00e0 chaque extr\u00e9mit\u00e9 de la fresque.<\/p>\n\n\n\n<p>Par rapport \u00e0 la gamme des couleurs, elle inspire la tristesse et la m\u00e9lancolie.<\/p>\n\n\n\n<p>L\u2019\u0153uvre nous montre la nostalgie, du point de vue de son seul personnage et on pourrait presque dire que l&#8217;enfant pleure. Est-ce parce qu&#8217;il dit adieu \u00e0 sa maison, \u00e0 sa terre, pour trouver la s\u00e9curit\u00e9 dans une autre foyer?<\/p>\n\n\n\n<p>C&#8217;est une \u0153uvre \u00e9mouvante qui vise \u00e0 sensibiliser sur un probl\u00e8me qui est devenu une pand\u00e9mie et tout cela \u00e0 cause du mal et de la destruction humaine.<\/p>\n\n\n\n<p>Le foyer repr\u00e9sente ce qu\u2019il y a de plus sacr\u00e9 pour une personne. Le d\u00e9truire repr\u00e9sente non seulement l&#8217;inhumanit\u00e9 et l&#8217;\u00e9go\u00efsme, mais aussi le fait que ceux qui souffrent le plus sont les plus faibles et les plus innocents.<\/p>\n\n\n\n<p>Pour finir, on pourrait ajouter que cet enfant a jet\u00e9 \u00e0 la mer une bouteille avec un message. Avec un message d\u2019esp\u00e9rance. Je souhaite qu&#8217;il se r\u00e9alise.<\/p>\n\n\n\n<p><\/p>\n","protected":false},"excerpt":{"rendered":"<p>11 \u2013 IN MEMORIAM de Pilar Casta\u00f1\u00f3n y Mar\u00eda Romero. Avda. Juan Carlos I (Bda. San Isidro). IN MEMORIAM M. FLUCHE C B1 Il s\u2019agit d\u2019une fresque murale intitul\u00e9e In &#8230;<\/p>\n","protected":false},"author":2,"featured_media":2209,"comment_status":"closed","ping_status":"closed","sticky":false,"template":"","format":"standard","meta":{"footnotes":""},"categories":[19,41],"tags":[46,43,27,21,24,30,26,28,25,52,44,23,42,32,51,48,49,47,45,50],"class_list":["post-3071","post","type-post","status-publish","format-standard","has-post-thumbnail","hentry","category-la-escuela","category-murales","tag-andalucia","tag-culture","tag-english","tag-eoi","tag-estepona","tag-francais","tag-frances","tag-french","tag-ingles","tag-malaga","tag-mur","tag-murales","tag-paintings","tag-peintures","tag-pinturas","tag-street","tag-visit","tag-visita","tag-visiter","tag-wall"],"_links":{"self":[{"href":"https:\/\/www.eoiestepona.org\/web\/wp-json\/wp\/v2\/posts\/3071","targetHints":{"allow":["GET"]}}],"collection":[{"href":"https:\/\/www.eoiestepona.org\/web\/wp-json\/wp\/v2\/posts"}],"about":[{"href":"https:\/\/www.eoiestepona.org\/web\/wp-json\/wp\/v2\/types\/post"}],"author":[{"embeddable":true,"href":"https:\/\/www.eoiestepona.org\/web\/wp-json\/wp\/v2\/users\/2"}],"replies":[{"embeddable":true,"href":"https:\/\/www.eoiestepona.org\/web\/wp-json\/wp\/v2\/comments?post=3071"}],"version-history":[{"count":6,"href":"https:\/\/www.eoiestepona.org\/web\/wp-json\/wp\/v2\/posts\/3071\/revisions"}],"predecessor-version":[{"id":4176,"href":"https:\/\/www.eoiestepona.org\/web\/wp-json\/wp\/v2\/posts\/3071\/revisions\/4176"}],"wp:featuredmedia":[{"embeddable":true,"href":"https:\/\/www.eoiestepona.org\/web\/wp-json\/wp\/v2\/media\/2209"}],"wp:attachment":[{"href":"https:\/\/www.eoiestepona.org\/web\/wp-json\/wp\/v2\/media?parent=3071"}],"wp:term":[{"taxonomy":"category","embeddable":true,"href":"https:\/\/www.eoiestepona.org\/web\/wp-json\/wp\/v2\/categories?post=3071"},{"taxonomy":"post_tag","embeddable":true,"href":"https:\/\/www.eoiestepona.org\/web\/wp-json\/wp\/v2\/tags?post=3071"}],"curies":[{"name":"wp","href":"https:\/\/api.w.org\/{rel}","templated":true}]}}