{"id":3076,"date":"2022-04-04T17:50:10","date_gmt":"2022-04-04T15:50:10","guid":{"rendered":"http:\/\/www.eoiestepona.org\/web\/?p=3076"},"modified":"2022-04-04T17:50:19","modified_gmt":"2022-04-04T15:50:19","slug":"la-huerta-de-irene-de-encarnacion-de-hoyos","status":"publish","type":"post","link":"https:\/\/www.eoiestepona.org\/web\/la-huerta-de-irene-de-encarnacion-de-hoyos\/","title":{"rendered":"LA HUERTA DE IRENE de Encarnaci\u00f3n de Hoyos."},"content":{"rendered":"\n<p>LA HUERTA DE IRENE de Encarnaci\u00f3n de Hoyos. Avda. Andaluc\u00eda.<\/p>\n\n\n\n<p><strong>LA HUERTA DE IRENE<\/strong><\/p>\n\n\n\n<p>ALBA CARVAJAL ANGEL B1<strong><\/strong><\/p>\n\n\n\n<p>\u00c0 Estepona, il y a beaucoup de fresques murales qui d\u00e9corent les b\u00e2timents. C\u2019est une mani\u00e8reint\u00e9ressantede se balader et de conna\u00eetre la ville.<\/p>\n\n\n\n<p>Le fresque murale num\u00e9ro 20, \u201cLa huerta de Irene\u201d a \u00e9t\u00e9 r\u00e9alis\u00e9e par Encarna de Hoyos. Dans cette fresque,on peut voirune famille\u00c0 la campagne. Au premier plan, se trouvent des animaux, un grand coq et une poule. Au deuxi\u00e8me plan, \u00e0 droite, il y a une m\u00e8re qui montre \u00e0 son petit gar\u00e7on les citrons qui ont \u00e9t\u00e9 ramass\u00e9s. Dans l\u2019arri\u00e8re-plan, on aper\u00e7oit deux hommes qui cueillentdescitrons.<\/p>\n\n\n\n<p>Personnellement, je pense que cette peinture repr\u00e9sente le travail de cueilletteet la vie \u00e0 la campagne. On veut montrer l\u2019effort du travail \u00e0 la campagne et commentce travail est tr\u00e8s habituel dans notre ville.<\/p>\n\n\n\n<figure class=\"wp-block-gallery columns-3 is-cropped wp-block-gallery-1 is-layout-flex wp-block-gallery-is-layout-flex\"><ul class=\"blocks-gallery-grid\"><li class=\"blocks-gallery-item\"><figure><img loading=\"lazy\" decoding=\"async\" width=\"336\" height=\"351\" src=\"http:\/\/www.eoiestepona.org\/web\/wp-content\/uploads\/2021\/04\/20210426_150145.jpg\" alt=\"\" data-id=\"3052\" data-full-url=\"http:\/\/www.eoiestepona.org\/web\/wp-content\/uploads\/2021\/04\/20210426_150145.jpg\" data-link=\"http:\/\/www.eoiestepona.org\/web\/la-huerta-de-irene-de-encarnacion-de-hoyos-avda-andalucia\/20210426_150145\/\" class=\"wp-image-3052\" srcset=\"https:\/\/www.eoiestepona.org\/web\/wp-content\/uploads\/2021\/04\/20210426_150145.jpg 336w, https:\/\/www.eoiestepona.org\/web\/wp-content\/uploads\/2021\/04\/20210426_150145-287x300.jpg 287w\" sizes=\"auto, (max-width: 336px) 100vw, 336px\" \/><\/figure><\/li><li class=\"blocks-gallery-item\"><figure><img loading=\"lazy\" decoding=\"async\" width=\"312\" height=\"448\" src=\"http:\/\/www.eoiestepona.org\/web\/wp-content\/uploads\/2021\/04\/20210426_150136.jpg\" alt=\"\" data-id=\"3051\" data-full-url=\"http:\/\/www.eoiestepona.org\/web\/wp-content\/uploads\/2021\/04\/20210426_150136.jpg\" data-link=\"http:\/\/www.eoiestepona.org\/web\/la-huerta-de-irene-de-encarnacion-de-hoyos-avda-andalucia\/20210426_150136\/\" class=\"wp-image-3051\" srcset=\"https:\/\/www.eoiestepona.org\/web\/wp-content\/uploads\/2021\/04\/20210426_150136.jpg 312w, https:\/\/www.eoiestepona.org\/web\/wp-content\/uploads\/2021\/04\/20210426_150136-209x300.jpg 209w\" sizes=\"auto, (max-width: 312px) 100vw, 312px\" \/><\/figure><\/li><li class=\"blocks-gallery-item\"><figure><img loading=\"lazy\" decoding=\"async\" width=\"336\" height=\"362\" src=\"http:\/\/www.eoiestepona.org\/web\/wp-content\/uploads\/2021\/04\/20210426_150149.jpg\" alt=\"\" data-id=\"3050\" data-full-url=\"http:\/\/www.eoiestepona.org\/web\/wp-content\/uploads\/2021\/04\/20210426_150149.jpg\" data-link=\"http:\/\/www.eoiestepona.org\/web\/la-huerta-de-irene-de-encarnacion-de-hoyos-avda-andalucia\/20210426_150149\/\" class=\"wp-image-3050\" srcset=\"https:\/\/www.eoiestepona.org\/web\/wp-content\/uploads\/2021\/04\/20210426_150149.jpg 336w, https:\/\/www.eoiestepona.org\/web\/wp-content\/uploads\/2021\/04\/20210426_150149-278x300.jpg 278w\" sizes=\"auto, (max-width: 336px) 100vw, 336px\" \/><\/figure><\/li><li class=\"blocks-gallery-item\"><figure><img loading=\"lazy\" decoding=\"async\" width=\"448\" height=\"336\" src=\"http:\/\/www.eoiestepona.org\/web\/wp-content\/uploads\/2021\/04\/20210426_150153.jpg\" alt=\"\" data-id=\"3047\" data-full-url=\"http:\/\/www.eoiestepona.org\/web\/wp-content\/uploads\/2021\/04\/20210426_150153.jpg\" data-link=\"http:\/\/www.eoiestepona.org\/web\/la-huerta-de-irene-de-encarnacion-de-hoyos-avda-andalucia\/20210426_150153\/\" class=\"wp-image-3047\" srcset=\"https:\/\/www.eoiestepona.org\/web\/wp-content\/uploads\/2021\/04\/20210426_150153.jpg 448w, https:\/\/www.eoiestepona.org\/web\/wp-content\/uploads\/2021\/04\/20210426_150153-300x225.jpg 300w\" sizes=\"auto, (max-width: 448px) 100vw, 448px\" \/><\/figure><\/li><\/ul><\/figure>\n","protected":false},"excerpt":{"rendered":"<p>LA HUERTA DE IRENE de Encarnaci\u00f3n de Hoyos. Avda. Andaluc\u00eda. LA HUERTA DE IRENE ALBA CARVAJAL ANGEL B1 \u00c0 Estepona, il y a beaucoup de fresques murales qui d\u00e9corent les &#8230;<\/p>\n","protected":false},"author":2,"featured_media":2209,"comment_status":"closed","ping_status":"closed","sticky":false,"template":"","format":"standard","meta":{"footnotes":""},"categories":[41],"tags":[46,43,27,21,24,30,26,28,25,52,44,23,42,32,51,48,49,47,45,50],"class_list":["post-3076","post","type-post","status-publish","format-standard","has-post-thumbnail","hentry","category-murales","tag-andalucia","tag-culture","tag-english","tag-eoi","tag-estepona","tag-francais","tag-frances","tag-french","tag-ingles","tag-malaga","tag-mur","tag-murales","tag-paintings","tag-peintures","tag-pinturas","tag-street","tag-visit","tag-visita","tag-visiter","tag-wall"],"_links":{"self":[{"href":"https:\/\/www.eoiestepona.org\/web\/wp-json\/wp\/v2\/posts\/3076","targetHints":{"allow":["GET"]}}],"collection":[{"href":"https:\/\/www.eoiestepona.org\/web\/wp-json\/wp\/v2\/posts"}],"about":[{"href":"https:\/\/www.eoiestepona.org\/web\/wp-json\/wp\/v2\/types\/post"}],"author":[{"embeddable":true,"href":"https:\/\/www.eoiestepona.org\/web\/wp-json\/wp\/v2\/users\/2"}],"replies":[{"embeddable":true,"href":"https:\/\/www.eoiestepona.org\/web\/wp-json\/wp\/v2\/comments?post=3076"}],"version-history":[{"count":6,"href":"https:\/\/www.eoiestepona.org\/web\/wp-json\/wp\/v2\/posts\/3076\/revisions"}],"predecessor-version":[{"id":4156,"href":"https:\/\/www.eoiestepona.org\/web\/wp-json\/wp\/v2\/posts\/3076\/revisions\/4156"}],"wp:featuredmedia":[{"embeddable":true,"href":"https:\/\/www.eoiestepona.org\/web\/wp-json\/wp\/v2\/media\/2209"}],"wp:attachment":[{"href":"https:\/\/www.eoiestepona.org\/web\/wp-json\/wp\/v2\/media?parent=3076"}],"wp:term":[{"taxonomy":"category","embeddable":true,"href":"https:\/\/www.eoiestepona.org\/web\/wp-json\/wp\/v2\/categories?post=3076"},{"taxonomy":"post_tag","embeddable":true,"href":"https:\/\/www.eoiestepona.org\/web\/wp-json\/wp\/v2\/tags?post=3076"}],"curies":[{"name":"wp","href":"https:\/\/api.w.org\/{rel}","templated":true}]}}