{"id":3740,"date":"2021-10-20T19:45:47","date_gmt":"2021-10-20T17:45:47","guid":{"rendered":"http:\/\/www.eoiestepona.org\/web\/?p=3740"},"modified":"2021-10-26T17:54:53","modified_gmt":"2021-10-26T15:54:53","slug":"visita-de-profesores-erasmus","status":"publish","type":"post","link":"https:\/\/www.eoiestepona.org\/web\/visita-de-profesores-erasmus\/","title":{"rendered":"Visita de profesores Erasmus+"},"content":{"rendered":"\n<p>En el d\u00eda de hoy la Escuela Oficial de Idiomas ha recibido en sus instalaciones a tres profesores italianos dentro del marco Erasmus+ organizado por el IES Mar de Albor\u00e1n.<\/p>\n\n\n\n<div class=\"wp-block-image\"><figure class=\"aligncenter size-large\"><img loading=\"lazy\" decoding=\"async\" width=\"428\" height=\"336\" src=\"http:\/\/www.eoiestepona.org\/web\/wp-content\/uploads\/2021\/10\/IMG_20211020_122706.jpg\" alt=\"\" class=\"wp-image-3741\" srcset=\"https:\/\/www.eoiestepona.org\/web\/wp-content\/uploads\/2021\/10\/IMG_20211020_122706.jpg 428w, https:\/\/www.eoiestepona.org\/web\/wp-content\/uploads\/2021\/10\/IMG_20211020_122706-300x236.jpg 300w\" sizes=\"auto, (max-width: 428px) 100vw, 428px\" \/><\/figure><\/div>\n\n\n\n<p>Piera De Gironimo, Alfredo Vecchio y Concetta Tucciarone, docentes del Centro Provinciale per l&#8217;Istruzione degli Adulti de Formia, provincia de Latina (Italia), se han reunido con el director y la coordinadora Erasmus de la EOI Estepona durante la jornada matutina para conocer el funcionamiento de nuestro centro y de las ense\u00f1anzas propias de idiomas en nuestro pa\u00eds. <\/p>\n\n\n\n<p>Han podido compartir una ma\u00f1ana de intercambio de idiomas sobre aspectos metodol\u00f3gicos en la ense\u00f1anza de lenguas extranjeras, planes y proyectos del centro as\u00ed como de los programos europeos en los que se encuentra inmerso el centro.<\/p>\n\n\n\n<p>Tras una tarde con actividades culturales en nuestro entorno han podido observar directamente c\u00f3mo trabajamos en esta escuela observando en clase al profesorado y al alumnado. Ha sido una jornada enriquecedora por ambas parte que nos permite conocer y adentrarnos en sistemas educativos diferentes. <\/p>\n\n\n\n<div class=\"wp-block-image\"><figure class=\"aligncenter size-large\"><img loading=\"lazy\" decoding=\"async\" width=\"448\" height=\"336\" src=\"http:\/\/www.eoiestepona.org\/web\/wp-content\/uploads\/2021\/10\/IMG-20211020-WA0007.jpg\" alt=\"\" class=\"wp-image-3742\" srcset=\"https:\/\/www.eoiestepona.org\/web\/wp-content\/uploads\/2021\/10\/IMG-20211020-WA0007.jpg 448w, https:\/\/www.eoiestepona.org\/web\/wp-content\/uploads\/2021\/10\/IMG-20211020-WA0007-300x225.jpg 300w\" sizes=\"auto, (max-width: 448px) 100vw, 448px\" \/><\/figure><\/div>\n","protected":false},"excerpt":{"rendered":"<p>En el d\u00eda de hoy la Escuela Oficial de Idiomas ha recibido en sus instalaciones a tres profesores italianos dentro del marco Erasmus+ organizado por el IES Mar de Albor\u00e1n. &#8230;<\/p>\n","protected":false},"author":2,"featured_media":3741,"comment_status":"closed","ping_status":"closed","sticky":false,"template":"","format":"standard","meta":{"footnotes":""},"categories":[40,19,1],"tags":[],"class_list":["post-3740","post","type-post","status-publish","format-standard","has-post-thumbnail","hentry","category-erasmus","category-la-escuela","category-sin-categoria"],"_links":{"self":[{"href":"https:\/\/www.eoiestepona.org\/web\/wp-json\/wp\/v2\/posts\/3740","targetHints":{"allow":["GET"]}}],"collection":[{"href":"https:\/\/www.eoiestepona.org\/web\/wp-json\/wp\/v2\/posts"}],"about":[{"href":"https:\/\/www.eoiestepona.org\/web\/wp-json\/wp\/v2\/types\/post"}],"author":[{"embeddable":true,"href":"https:\/\/www.eoiestepona.org\/web\/wp-json\/wp\/v2\/users\/2"}],"replies":[{"embeddable":true,"href":"https:\/\/www.eoiestepona.org\/web\/wp-json\/wp\/v2\/comments?post=3740"}],"version-history":[{"count":1,"href":"https:\/\/www.eoiestepona.org\/web\/wp-json\/wp\/v2\/posts\/3740\/revisions"}],"predecessor-version":[{"id":3743,"href":"https:\/\/www.eoiestepona.org\/web\/wp-json\/wp\/v2\/posts\/3740\/revisions\/3743"}],"wp:featuredmedia":[{"embeddable":true,"href":"https:\/\/www.eoiestepona.org\/web\/wp-json\/wp\/v2\/media\/3741"}],"wp:attachment":[{"href":"https:\/\/www.eoiestepona.org\/web\/wp-json\/wp\/v2\/media?parent=3740"}],"wp:term":[{"taxonomy":"category","embeddable":true,"href":"https:\/\/www.eoiestepona.org\/web\/wp-json\/wp\/v2\/categories?post=3740"},{"taxonomy":"post_tag","embeddable":true,"href":"https:\/\/www.eoiestepona.org\/web\/wp-json\/wp\/v2\/tags?post=3740"}],"curies":[{"name":"wp","href":"https:\/\/api.w.org\/{rel}","templated":true}]}}