{"id":3779,"date":"2021-11-05T10:20:00","date_gmt":"2021-11-05T09:20:00","guid":{"rendered":"http:\/\/www.eoiestepona.org\/web\/?p=3779"},"modified":"2021-11-08T18:18:24","modified_gmt":"2021-11-08T17:18:24","slug":"primer-movilidad-a-turquia","status":"publish","type":"post","link":"https:\/\/www.eoiestepona.org\/web\/primer-movilidad-a-turquia\/","title":{"rendered":"Primera movilidad a Turqu\u00eda"},"content":{"rendered":"\n<p>Durante estos d\u00edas el director del centro, Juan Ortiz y la coordinadora de programas europeos, Ana Flores se encuentran en la ciudad de Antalya (Turqu\u00eda) dentro del marco de un proyecto Erasmus+ KA 204 titulado \u00ab<a rel=\"noreferrer noopener\" href=\"fun, learning, opportunities, well-being\" target=\"_blank\">FLOW: fun, learning, opportunities, well-being<\/a>\u00bb .  <\/p>\n\n\n\n<div class=\"wp-block-image\"><figure class=\"alignright size-large is-resized\"><img loading=\"lazy\" decoding=\"async\" src=\"https:\/\/upload.wikimedia.org\/wikipedia\/commons\/7\/78\/Collage_of_Antalya_province.jpg\" alt=\"\" width=\"297\" height=\"313\"\/><figcaption>Ciudad de Antalya en Turqu\u00eda, sede de EFEM.<\/figcaption><\/figure><\/div>\n\n\n\n<p>En esta reuni\u00f3n presencial se han encontrado por primera vez con los representantes de las 8 instituciones europeas que forman parte del proyecto. Adem\u00e1s de aprovechar para conocer in situ a la instituci\u00f3n anfitriona, Efem, est\u00e1n desarrollando diversas reuniones de trabajo para el intercambio de experiencias metodol\u00f3gicas. <\/p>\n\n\n\n<p>Se trata del primer encuentro del proyecto donde todos los socios llegan con multitud de ideas para la mejora de los procesos de ense\u00f1anza y aprendizaje. <\/p>\n\n\n\n<p><strong>G\u00fcle, G\u00fcle !<\/strong><\/p>\n","protected":false},"excerpt":{"rendered":"<p>Durante estos d\u00edas el director del centro, Juan Ortiz y la coordinadora de programas europeos, Ana Flores se encuentran en la ciudad de Antalya (Turqu\u00eda) dentro del marco de un &#8230;<\/p>\n","protected":false},"author":2,"featured_media":3751,"comment_status":"closed","ping_status":"closed","sticky":false,"template":"","format":"standard","meta":{"footnotes":""},"categories":[40],"tags":[],"class_list":["post-3779","post","type-post","status-publish","format-standard","has-post-thumbnail","hentry","category-erasmus"],"_links":{"self":[{"href":"https:\/\/www.eoiestepona.org\/web\/wp-json\/wp\/v2\/posts\/3779","targetHints":{"allow":["GET"]}}],"collection":[{"href":"https:\/\/www.eoiestepona.org\/web\/wp-json\/wp\/v2\/posts"}],"about":[{"href":"https:\/\/www.eoiestepona.org\/web\/wp-json\/wp\/v2\/types\/post"}],"author":[{"embeddable":true,"href":"https:\/\/www.eoiestepona.org\/web\/wp-json\/wp\/v2\/users\/2"}],"replies":[{"embeddable":true,"href":"https:\/\/www.eoiestepona.org\/web\/wp-json\/wp\/v2\/comments?post=3779"}],"version-history":[{"count":2,"href":"https:\/\/www.eoiestepona.org\/web\/wp-json\/wp\/v2\/posts\/3779\/revisions"}],"predecessor-version":[{"id":3782,"href":"https:\/\/www.eoiestepona.org\/web\/wp-json\/wp\/v2\/posts\/3779\/revisions\/3782"}],"wp:featuredmedia":[{"embeddable":true,"href":"https:\/\/www.eoiestepona.org\/web\/wp-json\/wp\/v2\/media\/3751"}],"wp:attachment":[{"href":"https:\/\/www.eoiestepona.org\/web\/wp-json\/wp\/v2\/media?parent=3779"}],"wp:term":[{"taxonomy":"category","embeddable":true,"href":"https:\/\/www.eoiestepona.org\/web\/wp-json\/wp\/v2\/categories?post=3779"},{"taxonomy":"post_tag","embeddable":true,"href":"https:\/\/www.eoiestepona.org\/web\/wp-json\/wp\/v2\/tags?post=3779"}],"curies":[{"name":"wp","href":"https:\/\/api.w.org\/{rel}","templated":true}]}}