{"id":3798,"date":"2021-11-08T20:55:41","date_gmt":"2021-11-08T19:55:41","guid":{"rendered":"http:\/\/www.eoiestepona.org\/web\/?p=3798"},"modified":"2021-11-08T21:12:14","modified_gmt":"2021-11-08T20:12:14","slug":"antalya-2021","status":"publish","type":"post","link":"https:\/\/www.eoiestepona.org\/web\/antalya-2021\/","title":{"rendered":"Antalya 2021"},"content":{"rendered":"\n<p>La Escuela Oficial de Idiomas de Estepona, socio del proyecto \u00abFLOW: fun, learning, opportunities, well-being\u00bb ha participado activamente en las diferentes sesiones y actividades realizadas en Antalya, Turqu\u00eda, propuestas por nuestro socio turco, EFEM AKDENIZ.  <\/p>\n\n\n\n<p>Ha sido la oportunidad para conocer a los representantes del resto de instituciones que formamos este proyecto europeo. Esta reuni\u00f3n inicial estaba prevista para hace un a\u00f1o pero tuvo que ser pospuesta por la situaci\u00f3n pand\u00e9mica en la que vivimos. Al final hemos tenido la suerte de reunirnos en la ciudad de Antalya para poder compartir e intercambiar sobre los diferentes aspectos de este proyecto.<\/p>\n\n\n\n<p>Durante tres d\u00edas se han realizado diferentes reuniones con los coordinadores de los centros para tratar los diferentes puntos del proyecto: log\u00edstica, diseminaci\u00f3n, evaluaci\u00f3n, impacto, redes sociales, calendario, etc.<\/p>\n\n\n\n<p>Estas reuniones se han acompa\u00f1ado de actividades m\u00e1s pr\u00e1cticas como talleres plenarios sobre t\u00e9cnicas de respiraci\u00f3n, <em>Ebru Art<\/em>, folklore turco organizadas por el centro que nos acog\u00eda as\u00ed como visitas a la regi\u00f3n.<\/p>\n\n\n\n<figure class=\"wp-block-gallery columns-2 is-cropped wp-block-gallery-1 is-layout-flex wp-block-gallery-is-layout-flex\"><ul class=\"blocks-gallery-grid\"><li class=\"blocks-gallery-item\"><figure><img loading=\"lazy\" decoding=\"async\" width=\"1024\" height=\"768\" src=\"http:\/\/www.eoiestepona.org\/web\/wp-content\/uploads\/2021\/11\/WhatsApp-Image-2021-11-04-at-15.49.21-1-1024x768.jpeg\" alt=\"\" data-id=\"3793\" data-full-url=\"http:\/\/www.eoiestepona.org\/web\/wp-content\/uploads\/2021\/11\/WhatsApp-Image-2021-11-04-at-15.49.21-1.jpeg\" data-link=\"http:\/\/www.eoiestepona.org\/web\/?attachment_id=3793\" class=\"wp-image-3793\" srcset=\"https:\/\/www.eoiestepona.org\/web\/wp-content\/uploads\/2021\/11\/WhatsApp-Image-2021-11-04-at-15.49.21-1-1024x768.jpeg 1024w, https:\/\/www.eoiestepona.org\/web\/wp-content\/uploads\/2021\/11\/WhatsApp-Image-2021-11-04-at-15.49.21-1-300x225.jpeg 300w, https:\/\/www.eoiestepona.org\/web\/wp-content\/uploads\/2021\/11\/WhatsApp-Image-2021-11-04-at-15.49.21-1-768x576.jpeg 768w, https:\/\/www.eoiestepona.org\/web\/wp-content\/uploads\/2021\/11\/WhatsApp-Image-2021-11-04-at-15.49.21-1-1536x1152.jpeg 1536w, https:\/\/www.eoiestepona.org\/web\/wp-content\/uploads\/2021\/11\/WhatsApp-Image-2021-11-04-at-15.49.21-1.jpeg 2048w\" sizes=\"auto, (max-width: 1024px) 100vw, 1024px\" \/><figcaption class=\"blocks-gallery-item__caption\">Sesi\u00f3n de trabajo conjunta<\/figcaption><\/figure><\/li><li class=\"blocks-gallery-item\"><figure><img loading=\"lazy\" decoding=\"async\" width=\"1024\" height=\"768\" src=\"http:\/\/www.eoiestepona.org\/web\/wp-content\/uploads\/2021\/11\/WhatsApp-Image-2021-11-06-at-05.54.41-1024x768.jpeg\" alt=\"\" data-id=\"3792\" data-full-url=\"http:\/\/www.eoiestepona.org\/web\/wp-content\/uploads\/2021\/11\/WhatsApp-Image-2021-11-06-at-05.54.41.jpeg\" data-link=\"http:\/\/www.eoiestepona.org\/web\/?attachment_id=3792\" class=\"wp-image-3792\" srcset=\"https:\/\/www.eoiestepona.org\/web\/wp-content\/uploads\/2021\/11\/WhatsApp-Image-2021-11-06-at-05.54.41-1024x768.jpeg 1024w, https:\/\/www.eoiestepona.org\/web\/wp-content\/uploads\/2021\/11\/WhatsApp-Image-2021-11-06-at-05.54.41-300x225.jpeg 300w, https:\/\/www.eoiestepona.org\/web\/wp-content\/uploads\/2021\/11\/WhatsApp-Image-2021-11-06-at-05.54.41-768x576.jpeg 768w, https:\/\/www.eoiestepona.org\/web\/wp-content\/uploads\/2021\/11\/WhatsApp-Image-2021-11-06-at-05.54.41-1536x1152.jpeg 1536w, https:\/\/www.eoiestepona.org\/web\/wp-content\/uploads\/2021\/11\/WhatsApp-Image-2021-11-06-at-05.54.41.jpeg 1600w\" sizes=\"auto, (max-width: 1024px) 100vw, 1024px\" \/><figcaption class=\"blocks-gallery-item__caption\">Visita de sede de Efem<\/figcaption><\/figure><\/li><\/ul><\/figure>\n","protected":false},"excerpt":{"rendered":"<p>La Escuela Oficial de Idiomas de Estepona, socio del proyecto \u00abFLOW: fun, learning, opportunities, well-being\u00bb ha participado activamente en las diferentes sesiones y actividades realizadas en Antalya, Turqu\u00eda, propuestas por &#8230;<\/p>\n","protected":false},"author":2,"featured_media":3791,"comment_status":"closed","ping_status":"closed","sticky":false,"template":"","format":"standard","meta":{"footnotes":""},"categories":[40,19],"tags":[],"class_list":["post-3798","post","type-post","status-publish","format-standard","has-post-thumbnail","hentry","category-erasmus","category-la-escuela"],"_links":{"self":[{"href":"https:\/\/www.eoiestepona.org\/web\/wp-json\/wp\/v2\/posts\/3798","targetHints":{"allow":["GET"]}}],"collection":[{"href":"https:\/\/www.eoiestepona.org\/web\/wp-json\/wp\/v2\/posts"}],"about":[{"href":"https:\/\/www.eoiestepona.org\/web\/wp-json\/wp\/v2\/types\/post"}],"author":[{"embeddable":true,"href":"https:\/\/www.eoiestepona.org\/web\/wp-json\/wp\/v2\/users\/2"}],"replies":[{"embeddable":true,"href":"https:\/\/www.eoiestepona.org\/web\/wp-json\/wp\/v2\/comments?post=3798"}],"version-history":[{"count":3,"href":"https:\/\/www.eoiestepona.org\/web\/wp-json\/wp\/v2\/posts\/3798\/revisions"}],"predecessor-version":[{"id":3801,"href":"https:\/\/www.eoiestepona.org\/web\/wp-json\/wp\/v2\/posts\/3798\/revisions\/3801"}],"wp:featuredmedia":[{"embeddable":true,"href":"https:\/\/www.eoiestepona.org\/web\/wp-json\/wp\/v2\/media\/3791"}],"wp:attachment":[{"href":"https:\/\/www.eoiestepona.org\/web\/wp-json\/wp\/v2\/media?parent=3798"}],"wp:term":[{"taxonomy":"category","embeddable":true,"href":"https:\/\/www.eoiestepona.org\/web\/wp-json\/wp\/v2\/categories?post=3798"},{"taxonomy":"post_tag","embeddable":true,"href":"https:\/\/www.eoiestepona.org\/web\/wp-json\/wp\/v2\/tags?post=3798"}],"curies":[{"name":"wp","href":"https:\/\/api.w.org\/{rel}","templated":true}]}}