{"id":3821,"date":"2021-11-25T12:34:39","date_gmt":"2021-11-25T11:34:39","guid":{"rendered":"http:\/\/www.eoiestepona.org\/web\/?p=3821"},"modified":"2021-11-25T12:34:39","modified_gmt":"2021-11-25T11:34:39","slug":"25-noviembre","status":"publish","type":"post","link":"https:\/\/www.eoiestepona.org\/web\/25-noviembre\/","title":{"rendered":"25 noviembre"},"content":{"rendered":"\n<div class=\"wp-block-image is-style-rounded\"><figure class=\"alignleft size-large is-resized\"><img loading=\"lazy\" decoding=\"async\" src=\"http:\/\/www.eoiestepona.org\/web\/wp-content\/uploads\/2021\/11\/WhatsApp-Image-2021-11-25-at-12.07.22-768x1024.jpeg\" alt=\"\" class=\"wp-image-3822\" width=\"262\" height=\"350\" srcset=\"https:\/\/www.eoiestepona.org\/web\/wp-content\/uploads\/2021\/11\/WhatsApp-Image-2021-11-25-at-12.07.22-768x1024.jpeg 768w, https:\/\/www.eoiestepona.org\/web\/wp-content\/uploads\/2021\/11\/WhatsApp-Image-2021-11-25-at-12.07.22-225x300.jpeg 225w, https:\/\/www.eoiestepona.org\/web\/wp-content\/uploads\/2021\/11\/WhatsApp-Image-2021-11-25-at-12.07.22-1152x1536.jpeg 1152w, https:\/\/www.eoiestepona.org\/web\/wp-content\/uploads\/2021\/11\/WhatsApp-Image-2021-11-25-at-12.07.22.jpeg 1536w\" sizes=\"auto, (max-width: 262px) 100vw, 262px\" \/><\/figure><\/div>\n\n\n\n<p>El D\u00eda Internacional de la Eliminaci\u00f3n de la Violencia contra la Mujer se celebra anualmente el 25 de noviembre para denunciar la violencia que se ejerce sobre las mujeres en todo el mundo y reclamar pol\u00edticas en todos los pa\u00edses para su erradicaci\u00f3n. <\/p>\n\n\n\n<p>La EOI Estepona se suma a esta jornada con diversas actividades en clase para sensibilizar a nuestro alumnado porque se trata de una lacra contra la que tenemos que luchar desde la sociedad.<\/p>\n","protected":false},"excerpt":{"rendered":"<p>El D\u00eda Internacional de la Eliminaci\u00f3n de la Violencia contra la Mujer se celebra anualmente el 25 de noviembre para denunciar la violencia que se ejerce sobre las mujeres en &#8230;<\/p>\n","protected":false},"author":2,"featured_media":3822,"comment_status":"closed","ping_status":"closed","sticky":false,"template":"","format":"standard","meta":{"footnotes":""},"categories":[19],"tags":[],"class_list":["post-3821","post","type-post","status-publish","format-standard","has-post-thumbnail","hentry","category-la-escuela"],"_links":{"self":[{"href":"https:\/\/www.eoiestepona.org\/web\/wp-json\/wp\/v2\/posts\/3821","targetHints":{"allow":["GET"]}}],"collection":[{"href":"https:\/\/www.eoiestepona.org\/web\/wp-json\/wp\/v2\/posts"}],"about":[{"href":"https:\/\/www.eoiestepona.org\/web\/wp-json\/wp\/v2\/types\/post"}],"author":[{"embeddable":true,"href":"https:\/\/www.eoiestepona.org\/web\/wp-json\/wp\/v2\/users\/2"}],"replies":[{"embeddable":true,"href":"https:\/\/www.eoiestepona.org\/web\/wp-json\/wp\/v2\/comments?post=3821"}],"version-history":[{"count":1,"href":"https:\/\/www.eoiestepona.org\/web\/wp-json\/wp\/v2\/posts\/3821\/revisions"}],"predecessor-version":[{"id":3823,"href":"https:\/\/www.eoiestepona.org\/web\/wp-json\/wp\/v2\/posts\/3821\/revisions\/3823"}],"wp:featuredmedia":[{"embeddable":true,"href":"https:\/\/www.eoiestepona.org\/web\/wp-json\/wp\/v2\/media\/3822"}],"wp:attachment":[{"href":"https:\/\/www.eoiestepona.org\/web\/wp-json\/wp\/v2\/media?parent=3821"}],"wp:term":[{"taxonomy":"category","embeddable":true,"href":"https:\/\/www.eoiestepona.org\/web\/wp-json\/wp\/v2\/categories?post=3821"},{"taxonomy":"post_tag","embeddable":true,"href":"https:\/\/www.eoiestepona.org\/web\/wp-json\/wp\/v2\/tags?post=3821"}],"curies":[{"name":"wp","href":"https:\/\/api.w.org\/{rel}","templated":true}]}}