{"id":3847,"date":"2021-12-22T19:28:08","date_gmt":"2021-12-22T18:28:08","guid":{"rendered":"http:\/\/www.eoiestepona.org\/web\/?p=3847"},"modified":"2021-12-22T19:29:11","modified_gmt":"2021-12-22T18:29:11","slug":"felices-fiestas","status":"publish","type":"post","link":"https:\/\/www.eoiestepona.org\/web\/felices-fiestas\/","title":{"rendered":"Felices fiestas"},"content":{"rendered":"\n<p>Queremos aprovechar esta \u00faltima publicaci\u00f3n del a\u00f1o para felicitaros las navidades y deseando que pronto podamos volver a dar clase con total normalidad.<\/p>\n\n\n\n<p>La escuela permanecer\u00e1 cerrada del 24 de diciembre al 9 de enero. <\/p>\n\n\n\n<figure class=\"wp-block-image size-large\"><img loading=\"lazy\" decoding=\"async\" width=\"690\" height=\"1024\" src=\"http:\/\/www.eoiestepona.org\/web\/wp-content\/uploads\/2021\/12\/tarjeta_navidad2021-690x1024.jpg\" alt=\"\" class=\"wp-image-3848\" srcset=\"https:\/\/www.eoiestepona.org\/web\/wp-content\/uploads\/2021\/12\/tarjeta_navidad2021-690x1024.jpg 690w, https:\/\/www.eoiestepona.org\/web\/wp-content\/uploads\/2021\/12\/tarjeta_navidad2021-202x300.jpg 202w, https:\/\/www.eoiestepona.org\/web\/wp-content\/uploads\/2021\/12\/tarjeta_navidad2021-768x1140.jpg 768w, https:\/\/www.eoiestepona.org\/web\/wp-content\/uploads\/2021\/12\/tarjeta_navidad2021-1035x1536.jpg 1035w, https:\/\/www.eoiestepona.org\/web\/wp-content\/uploads\/2021\/12\/tarjeta_navidad2021.jpg 1190w\" sizes=\"auto, (max-width: 690px) 100vw, 690px\" \/><\/figure>\n","protected":false},"excerpt":{"rendered":"<p>Queremos aprovechar esta \u00faltima publicaci\u00f3n del a\u00f1o para felicitaros las navidades y deseando que pronto podamos volver a dar clase con total normalidad. La escuela permanecer\u00e1 cerrada del 24 de &#8230;<\/p>\n","protected":false},"author":2,"featured_media":3848,"comment_status":"closed","ping_status":"closed","sticky":false,"template":"","format":"standard","meta":{"footnotes":""},"categories":[19],"tags":[],"class_list":["post-3847","post","type-post","status-publish","format-standard","has-post-thumbnail","hentry","category-la-escuela"],"_links":{"self":[{"href":"https:\/\/www.eoiestepona.org\/web\/wp-json\/wp\/v2\/posts\/3847","targetHints":{"allow":["GET"]}}],"collection":[{"href":"https:\/\/www.eoiestepona.org\/web\/wp-json\/wp\/v2\/posts"}],"about":[{"href":"https:\/\/www.eoiestepona.org\/web\/wp-json\/wp\/v2\/types\/post"}],"author":[{"embeddable":true,"href":"https:\/\/www.eoiestepona.org\/web\/wp-json\/wp\/v2\/users\/2"}],"replies":[{"embeddable":true,"href":"https:\/\/www.eoiestepona.org\/web\/wp-json\/wp\/v2\/comments?post=3847"}],"version-history":[{"count":2,"href":"https:\/\/www.eoiestepona.org\/web\/wp-json\/wp\/v2\/posts\/3847\/revisions"}],"predecessor-version":[{"id":3850,"href":"https:\/\/www.eoiestepona.org\/web\/wp-json\/wp\/v2\/posts\/3847\/revisions\/3850"}],"wp:featuredmedia":[{"embeddable":true,"href":"https:\/\/www.eoiestepona.org\/web\/wp-json\/wp\/v2\/media\/3848"}],"wp:attachment":[{"href":"https:\/\/www.eoiestepona.org\/web\/wp-json\/wp\/v2\/media?parent=3847"}],"wp:term":[{"taxonomy":"category","embeddable":true,"href":"https:\/\/www.eoiestepona.org\/web\/wp-json\/wp\/v2\/categories?post=3847"},{"taxonomy":"post_tag","embeddable":true,"href":"https:\/\/www.eoiestepona.org\/web\/wp-json\/wp\/v2\/tags?post=3847"}],"curies":[{"name":"wp","href":"https:\/\/api.w.org\/{rel}","templated":true}]}}