{"id":3856,"date":"2022-01-20T10:43:43","date_gmt":"2022-01-20T09:43:43","guid":{"rendered":"http:\/\/www.eoiestepona.org\/web\/?p=3856"},"modified":"2022-01-20T10:43:43","modified_gmt":"2022-01-20T09:43:43","slug":"premio-para-nuestra-profesora","status":"publish","type":"post","link":"https:\/\/www.eoiestepona.org\/web\/premio-para-nuestra-profesora\/","title":{"rendered":"Premio para nuestra profesora"},"content":{"rendered":"\n<p>La profesora Cristina Romero ha sido galardonada en el XII Concurso Fotogr\u00e1fico contra la Violencia de G\u00e9nero \u00a1Stop Violencia de G\u00e9nero!. El pr\u00f3ximo jueves 27 de enero recibir\u00e1 el Diploma por su fotograf\u00eda. \u00a1Enhorabuena a nuestra profe! ?<\/p>\n\n\n\n<figure class=\"wp-block-image size-large\"><img loading=\"lazy\" decoding=\"async\" width=\"1024\" height=\"1024\" src=\"http:\/\/www.eoiestepona.org\/web\/wp-content\/uploads\/2022\/01\/cartel-1024x1024.jpg\" alt=\"\" class=\"wp-image-3857\" srcset=\"https:\/\/www.eoiestepona.org\/web\/wp-content\/uploads\/2022\/01\/cartel-1024x1024.jpg 1024w, https:\/\/www.eoiestepona.org\/web\/wp-content\/uploads\/2022\/01\/cartel-300x300.jpg 300w, https:\/\/www.eoiestepona.org\/web\/wp-content\/uploads\/2022\/01\/cartel-150x150.jpg 150w, https:\/\/www.eoiestepona.org\/web\/wp-content\/uploads\/2022\/01\/cartel-768x768.jpg 768w, https:\/\/www.eoiestepona.org\/web\/wp-content\/uploads\/2022\/01\/cartel.jpg 1080w\" sizes=\"auto, (max-width: 1024px) 100vw, 1024px\" \/><\/figure>\n","protected":false},"excerpt":{"rendered":"<p>La profesora Cristina Romero ha sido galardonada en el XII Concurso Fotogr\u00e1fico contra la Violencia de G\u00e9nero \u00a1Stop Violencia de G\u00e9nero!. El pr\u00f3ximo jueves 27 de enero recibir\u00e1 el Diploma &#8230;<\/p>\n","protected":false},"author":2,"featured_media":3857,"comment_status":"closed","ping_status":"closed","sticky":false,"template":"","format":"standard","meta":{"footnotes":""},"categories":[19],"tags":[65,67,68],"class_list":["post-3856","post","type-post","status-publish","format-standard","has-post-thumbnail","hentry","category-la-escuela","tag-eoiestepona","tag-violenciadegenero","tag-vivanuestraprofe"],"_links":{"self":[{"href":"https:\/\/www.eoiestepona.org\/web\/wp-json\/wp\/v2\/posts\/3856","targetHints":{"allow":["GET"]}}],"collection":[{"href":"https:\/\/www.eoiestepona.org\/web\/wp-json\/wp\/v2\/posts"}],"about":[{"href":"https:\/\/www.eoiestepona.org\/web\/wp-json\/wp\/v2\/types\/post"}],"author":[{"embeddable":true,"href":"https:\/\/www.eoiestepona.org\/web\/wp-json\/wp\/v2\/users\/2"}],"replies":[{"embeddable":true,"href":"https:\/\/www.eoiestepona.org\/web\/wp-json\/wp\/v2\/comments?post=3856"}],"version-history":[{"count":1,"href":"https:\/\/www.eoiestepona.org\/web\/wp-json\/wp\/v2\/posts\/3856\/revisions"}],"predecessor-version":[{"id":3858,"href":"https:\/\/www.eoiestepona.org\/web\/wp-json\/wp\/v2\/posts\/3856\/revisions\/3858"}],"wp:featuredmedia":[{"embeddable":true,"href":"https:\/\/www.eoiestepona.org\/web\/wp-json\/wp\/v2\/media\/3857"}],"wp:attachment":[{"href":"https:\/\/www.eoiestepona.org\/web\/wp-json\/wp\/v2\/media?parent=3856"}],"wp:term":[{"taxonomy":"category","embeddable":true,"href":"https:\/\/www.eoiestepona.org\/web\/wp-json\/wp\/v2\/categories?post=3856"},{"taxonomy":"post_tag","embeddable":true,"href":"https:\/\/www.eoiestepona.org\/web\/wp-json\/wp\/v2\/tags?post=3856"}],"curies":[{"name":"wp","href":"https:\/\/api.w.org\/{rel}","templated":true}]}}