{"id":3896,"date":"2022-01-27T18:15:26","date_gmt":"2022-01-27T17:15:26","guid":{"rendered":"http:\/\/www.eoiestepona.org\/web\/?p=3896"},"modified":"2022-01-27T18:15:26","modified_gmt":"2022-01-27T17:15:26","slug":"ganadores-del-xii-concurso-educativo-de-fotografia","status":"publish","type":"post","link":"https:\/\/www.eoiestepona.org\/web\/ganadores-del-xii-concurso-educativo-de-fotografia\/","title":{"rendered":"Ganadores del XII Concurso Educativo de Fotograf\u00eda"},"content":{"rendered":"\n<div class=\"wp-block-image\"><figure class=\"aligncenter size-large\"><img loading=\"lazy\" decoding=\"async\" width=\"1024\" height=\"682\" src=\"http:\/\/www.eoiestepona.org\/web\/wp-content\/uploads\/2022\/01\/WhatsApp-Image-2022-01-27-at-12.47.14-1024x682.jpeg\" alt=\"\" class=\"wp-image-3898\" srcset=\"https:\/\/www.eoiestepona.org\/web\/wp-content\/uploads\/2022\/01\/WhatsApp-Image-2022-01-27-at-12.47.14-1024x682.jpeg 1024w, https:\/\/www.eoiestepona.org\/web\/wp-content\/uploads\/2022\/01\/WhatsApp-Image-2022-01-27-at-12.47.14-300x200.jpeg 300w, https:\/\/www.eoiestepona.org\/web\/wp-content\/uploads\/2022\/01\/WhatsApp-Image-2022-01-27-at-12.47.14-768x512.jpeg 768w, https:\/\/www.eoiestepona.org\/web\/wp-content\/uploads\/2022\/01\/WhatsApp-Image-2022-01-27-at-12.47.14-1536x1023.jpeg 1536w, https:\/\/www.eoiestepona.org\/web\/wp-content\/uploads\/2022\/01\/WhatsApp-Image-2022-01-27-at-12.47.14.jpeg 1600w\" sizes=\"auto, (max-width: 1024px) 100vw, 1024px\" \/><\/figure><\/div>\n\n\n\n<p>La Escuela Oficial de Idiomas de Estepona ha recogido hoy junto a la profesora Cristina Romero el premio obtenido por su fotograf\u00eda presentada en el XII Concurso Educativo de Fotograf\u00eda \u00a1STOP! Violencia de G\u00e9nero celebrado en el Conservatorio Profesional de M\u00fasica Manuel Carra de la capital malague\u00f1a.<\/p>\n\n\n\n<figure class=\"wp-block-image size-large is-style-default\"><img loading=\"lazy\" decoding=\"async\" width=\"1024\" height=\"768\" src=\"http:\/\/www.eoiestepona.org\/web\/wp-content\/uploads\/2022\/01\/WhatsApp-Image-2022-01-27-at-12.36.24-1024x768.jpeg\" alt=\"\" class=\"wp-image-3899\" srcset=\"https:\/\/www.eoiestepona.org\/web\/wp-content\/uploads\/2022\/01\/WhatsApp-Image-2022-01-27-at-12.36.24-1024x768.jpeg 1024w, https:\/\/www.eoiestepona.org\/web\/wp-content\/uploads\/2022\/01\/WhatsApp-Image-2022-01-27-at-12.36.24-300x225.jpeg 300w, https:\/\/www.eoiestepona.org\/web\/wp-content\/uploads\/2022\/01\/WhatsApp-Image-2022-01-27-at-12.36.24-768x576.jpeg 768w, https:\/\/www.eoiestepona.org\/web\/wp-content\/uploads\/2022\/01\/WhatsApp-Image-2022-01-27-at-12.36.24-1536x1152.jpeg 1536w, https:\/\/www.eoiestepona.org\/web\/wp-content\/uploads\/2022\/01\/WhatsApp-Image-2022-01-27-at-12.36.24.jpeg 1600w\" sizes=\"auto, (max-width: 1024px) 100vw, 1024px\" \/><\/figure>\n\n\n\n<p>Hemos sido el \u00fanico centro de ense\u00f1anza de idiomas entre los premiados y el \u00fanico de nuestra localidad.<\/p>\n\n\n\n<p>Enhorabuena a nuestra profesora y al resto de galardonados.<\/p>\n\n\n\n<figure class=\"wp-block-image size-large\"><img loading=\"lazy\" decoding=\"async\" width=\"768\" height=\"934\" src=\"http:\/\/www.eoiestepona.org\/web\/wp-content\/uploads\/2022\/01\/WhatsApp-Image-2022-01-27-at-13.28.33.jpeg\" alt=\"\" class=\"wp-image-3897\" srcset=\"https:\/\/www.eoiestepona.org\/web\/wp-content\/uploads\/2022\/01\/WhatsApp-Image-2022-01-27-at-13.28.33.jpeg 768w, https:\/\/www.eoiestepona.org\/web\/wp-content\/uploads\/2022\/01\/WhatsApp-Image-2022-01-27-at-13.28.33-247x300.jpeg 247w\" sizes=\"auto, (max-width: 768px) 100vw, 768px\" \/><\/figure>\n","protected":false},"excerpt":{"rendered":"<p>La Escuela Oficial de Idiomas de Estepona ha recogido hoy junto a la profesora Cristina Romero el premio obtenido por su fotograf\u00eda presentada en el XII Concurso Educativo de Fotograf\u00eda &#8230;<\/p>\n","protected":false},"author":2,"featured_media":3898,"comment_status":"closed","ping_status":"closed","sticky":false,"template":"","format":"standard","meta":{"footnotes":""},"categories":[19],"tags":[76,65,75],"class_list":["post-3896","post","type-post","status-publish","format-standard","has-post-thumbnail","hentry","category-la-escuela","tag-delegacionmalaga","tag-eoiestepona","tag-stopviolencia"],"_links":{"self":[{"href":"https:\/\/www.eoiestepona.org\/web\/wp-json\/wp\/v2\/posts\/3896","targetHints":{"allow":["GET"]}}],"collection":[{"href":"https:\/\/www.eoiestepona.org\/web\/wp-json\/wp\/v2\/posts"}],"about":[{"href":"https:\/\/www.eoiestepona.org\/web\/wp-json\/wp\/v2\/types\/post"}],"author":[{"embeddable":true,"href":"https:\/\/www.eoiestepona.org\/web\/wp-json\/wp\/v2\/users\/2"}],"replies":[{"embeddable":true,"href":"https:\/\/www.eoiestepona.org\/web\/wp-json\/wp\/v2\/comments?post=3896"}],"version-history":[{"count":1,"href":"https:\/\/www.eoiestepona.org\/web\/wp-json\/wp\/v2\/posts\/3896\/revisions"}],"predecessor-version":[{"id":3900,"href":"https:\/\/www.eoiestepona.org\/web\/wp-json\/wp\/v2\/posts\/3896\/revisions\/3900"}],"wp:featuredmedia":[{"embeddable":true,"href":"https:\/\/www.eoiestepona.org\/web\/wp-json\/wp\/v2\/media\/3898"}],"wp:attachment":[{"href":"https:\/\/www.eoiestepona.org\/web\/wp-json\/wp\/v2\/media?parent=3896"}],"wp:term":[{"taxonomy":"category","embeddable":true,"href":"https:\/\/www.eoiestepona.org\/web\/wp-json\/wp\/v2\/categories?post=3896"},{"taxonomy":"post_tag","embeddable":true,"href":"https:\/\/www.eoiestepona.org\/web\/wp-json\/wp\/v2\/tags?post=3896"}],"curies":[{"name":"wp","href":"https:\/\/api.w.org\/{rel}","templated":true}]}}