{"id":3923,"date":"2022-02-22T12:28:58","date_gmt":"2022-02-22T11:28:58","guid":{"rendered":"http:\/\/www.eoiestepona.org\/web\/?p=3923"},"modified":"2022-02-22T17:34:44","modified_gmt":"2022-02-22T16:34:44","slug":"reunion-con-el-ayuntamiento-de-estepona","status":"publish","type":"post","link":"https:\/\/www.eoiestepona.org\/web\/reunion-con-el-ayuntamiento-de-estepona\/","title":{"rendered":"Reuni\u00f3n con el Ayuntamiento de Estepona"},"content":{"rendered":"\n<p>En el d\u00eda de hoy, 22 de febrero, el director de la Escuela Oficial de Idiomas de Estepona se ha reunido con la Concejala de Educaci\u00f3n y responsable del \u00c1rea socio-cultural de  este municipio para tratar sobre los temas que preocupan a este centro. <\/p>\n\n\n\n<div class=\"wp-block-image\"><figure class=\"aligncenter size-large is-resized\"><img loading=\"lazy\" decoding=\"async\" src=\"http:\/\/www.eoiestepona.org\/web\/wp-content\/uploads\/2022\/02\/IMG-20220222-WA0000-768x1024.jpg\" alt=\"\" class=\"wp-image-3924\" width=\"491\" height=\"655\" srcset=\"https:\/\/www.eoiestepona.org\/web\/wp-content\/uploads\/2022\/02\/IMG-20220222-WA0000-768x1024.jpg 768w, https:\/\/www.eoiestepona.org\/web\/wp-content\/uploads\/2022\/02\/IMG-20220222-WA0000-225x300.jpg 225w, https:\/\/www.eoiestepona.org\/web\/wp-content\/uploads\/2022\/02\/IMG-20220222-WA0000-1152x1536.jpg 1152w, https:\/\/www.eoiestepona.org\/web\/wp-content\/uploads\/2022\/02\/IMG-20220222-WA0000.jpg 1536w\" sizes=\"auto, (max-width: 491px) 100vw, 491px\" \/><figcaption>Bego\u00f1a Ortiz, teniente de Alcalde y responsable del \u00c1rea Socio-cultural del Ayuntamiento de Estepona y Juan Ortiz, director de la EOI Estepona.<\/figcaption><\/figure><\/div>\n\n\n\n<p>Durante este cordial encuentro se ha abordado la cuesti\u00f3n de una sede propia para la EOI Estepona, donde poder ampliar la oferta del centro tambi\u00e9n en horario de ma\u00f1ana. Igualmente se ha planteado el problema existente derivado de la falta de auxiliar administrativo as\u00ed como la ampliaci\u00f3n de idiomas de esta escuela.<\/p>\n\n\n\n<p>Desde la EOI Estepona se ha solicitado ayuda para que desde el municipio se solicite a la Delegaci\u00f3n Provincial de Educaci\u00f3n, quien tiene las competencias en este \u00e1mbito, una soluci\u00f3n a los problemas que acucian a nuestro centro. <\/p>\n\n\n\n<p>Queremos subrayar la buena disposici\u00f3n de Bego\u00f1a Ortiz, responsable del \u00c1rea socio-cultural del ayuntamiento de Estepona, a ayudar a la Escuela Oficial de Idiomas de Estepona en su empe\u00f1o de mejora y ofrecer un buen servicio p\u00fablico en la ense\u00f1anza de idiomas.<\/p>\n","protected":false},"excerpt":{"rendered":"<p>En el d\u00eda de hoy, 22 de febrero, el director de la Escuela Oficial de Idiomas de Estepona se ha reunido con la Concejala de Educaci\u00f3n y responsable del \u00c1rea &#8230;<\/p>\n","protected":false},"author":2,"featured_media":3924,"comment_status":"closed","ping_status":"closed","sticky":false,"template":"","format":"standard","meta":{"footnotes":""},"categories":[19],"tags":[79,77,65,72],"class_list":["post-3923","post","type-post","status-publish","format-standard","has-post-thumbnail","hentry","category-la-escuela","tag-aytoestepona","tag-eoi-2","tag-eoiestepona","tag-estepona-2"],"_links":{"self":[{"href":"https:\/\/www.eoiestepona.org\/web\/wp-json\/wp\/v2\/posts\/3923","targetHints":{"allow":["GET"]}}],"collection":[{"href":"https:\/\/www.eoiestepona.org\/web\/wp-json\/wp\/v2\/posts"}],"about":[{"href":"https:\/\/www.eoiestepona.org\/web\/wp-json\/wp\/v2\/types\/post"}],"author":[{"embeddable":true,"href":"https:\/\/www.eoiestepona.org\/web\/wp-json\/wp\/v2\/users\/2"}],"replies":[{"embeddable":true,"href":"https:\/\/www.eoiestepona.org\/web\/wp-json\/wp\/v2\/comments?post=3923"}],"version-history":[{"count":4,"href":"https:\/\/www.eoiestepona.org\/web\/wp-json\/wp\/v2\/posts\/3923\/revisions"}],"predecessor-version":[{"id":3928,"href":"https:\/\/www.eoiestepona.org\/web\/wp-json\/wp\/v2\/posts\/3923\/revisions\/3928"}],"wp:featuredmedia":[{"embeddable":true,"href":"https:\/\/www.eoiestepona.org\/web\/wp-json\/wp\/v2\/media\/3924"}],"wp:attachment":[{"href":"https:\/\/www.eoiestepona.org\/web\/wp-json\/wp\/v2\/media?parent=3923"}],"wp:term":[{"taxonomy":"category","embeddable":true,"href":"https:\/\/www.eoiestepona.org\/web\/wp-json\/wp\/v2\/categories?post=3923"},{"taxonomy":"post_tag","embeddable":true,"href":"https:\/\/www.eoiestepona.org\/web\/wp-json\/wp\/v2\/tags?post=3923"}],"curies":[{"name":"wp","href":"https:\/\/api.w.org\/{rel}","templated":true}]}}