{"id":3938,"date":"2022-03-04T13:24:07","date_gmt":"2022-03-04T12:24:07","guid":{"rendered":"http:\/\/www.eoiestepona.org\/web\/?p=3938"},"modified":"2022-03-04T13:24:07","modified_gmt":"2022-03-04T12:24:07","slug":"una-semana-de-formacion","status":"publish","type":"post","link":"https:\/\/www.eoiestepona.org\/web\/una-semana-de-formacion\/","title":{"rendered":"Una semana de formaci\u00f3n"},"content":{"rendered":"\n<p>Despu\u00e9s de una semana de formaci\u00f3n los profesores Ana Flores y Juan Ortiz vuelven con nuevas ideas para poner en pr\u00e1cticas en clase. Durante cinco d\u00edas cada profesor ha realizado una formaci\u00f3n diferente en el centro ETI de San Juli\u00e1n en Malta. Las formaciones realizadas est\u00e1n enmarcadas dentro del proyecto Erasmus+ que el centro tiene en el presente curso.<\/p>\n\n\n\n<p>Las formaciones han tratado sobre metodolog\u00eda en la clase de idiomas y tecnolog\u00eda en la pr\u00e1ctica diaria. Esta formaci\u00f3n quedar\u00e1 reflejada en nuestra web para proyectos Erasmus+ y se realizar\u00e1 una actividad formativa con el resto del Claustro para dar a conocer lo aprendido en estos cursos.<\/p>\n\n\n\n<figure class=\"wp-block-image size-large\"><img loading=\"lazy\" decoding=\"async\" width=\"986\" height=\"1024\" src=\"http:\/\/www.eoiestepona.org\/web\/wp-content\/uploads\/2022\/03\/Azul-Blanco-Comienza-Dia-Foto-Collage-986x1024.jpg\" alt=\"\" class=\"wp-image-3939\" srcset=\"https:\/\/www.eoiestepona.org\/web\/wp-content\/uploads\/2022\/03\/Azul-Blanco-Comienza-Dia-Foto-Collage-986x1024.jpg 986w, https:\/\/www.eoiestepona.org\/web\/wp-content\/uploads\/2022\/03\/Azul-Blanco-Comienza-Dia-Foto-Collage-289x300.jpg 289w, https:\/\/www.eoiestepona.org\/web\/wp-content\/uploads\/2022\/03\/Azul-Blanco-Comienza-Dia-Foto-Collage-768x797.jpg 768w, https:\/\/www.eoiestepona.org\/web\/wp-content\/uploads\/2022\/03\/Azul-Blanco-Comienza-Dia-Foto-Collage-1479x1536.jpg 1479w, https:\/\/www.eoiestepona.org\/web\/wp-content\/uploads\/2022\/03\/Azul-Blanco-Comienza-Dia-Foto-Collage.jpg 1541w\" sizes=\"auto, (max-width: 986px) 100vw, 986px\" \/><figcaption>Azul Blanco Comienza D\u00eda Foto Collage<\/figcaption><\/figure>\n\n\n\n<p>Grazzi Malta !<\/p>\n","protected":false},"excerpt":{"rendered":"<p>Despu\u00e9s de una semana de formaci\u00f3n los profesores Ana Flores y Juan Ortiz vuelven con nuevas ideas para poner en pr\u00e1cticas en clase. Durante cinco d\u00edas cada profesor ha realizado &#8230;<\/p>\n","protected":false},"author":2,"featured_media":3939,"comment_status":"closed","ping_status":"closed","sticky":false,"template":"","format":"standard","meta":{"footnotes":""},"categories":[40,19],"tags":[],"class_list":["post-3938","post","type-post","status-publish","format-standard","has-post-thumbnail","hentry","category-erasmus","category-la-escuela"],"_links":{"self":[{"href":"https:\/\/www.eoiestepona.org\/web\/wp-json\/wp\/v2\/posts\/3938","targetHints":{"allow":["GET"]}}],"collection":[{"href":"https:\/\/www.eoiestepona.org\/web\/wp-json\/wp\/v2\/posts"}],"about":[{"href":"https:\/\/www.eoiestepona.org\/web\/wp-json\/wp\/v2\/types\/post"}],"author":[{"embeddable":true,"href":"https:\/\/www.eoiestepona.org\/web\/wp-json\/wp\/v2\/users\/2"}],"replies":[{"embeddable":true,"href":"https:\/\/www.eoiestepona.org\/web\/wp-json\/wp\/v2\/comments?post=3938"}],"version-history":[{"count":1,"href":"https:\/\/www.eoiestepona.org\/web\/wp-json\/wp\/v2\/posts\/3938\/revisions"}],"predecessor-version":[{"id":3940,"href":"https:\/\/www.eoiestepona.org\/web\/wp-json\/wp\/v2\/posts\/3938\/revisions\/3940"}],"wp:featuredmedia":[{"embeddable":true,"href":"https:\/\/www.eoiestepona.org\/web\/wp-json\/wp\/v2\/media\/3939"}],"wp:attachment":[{"href":"https:\/\/www.eoiestepona.org\/web\/wp-json\/wp\/v2\/media?parent=3938"}],"wp:term":[{"taxonomy":"category","embeddable":true,"href":"https:\/\/www.eoiestepona.org\/web\/wp-json\/wp\/v2\/categories?post=3938"},{"taxonomy":"post_tag","embeddable":true,"href":"https:\/\/www.eoiestepona.org\/web\/wp-json\/wp\/v2\/tags?post=3938"}],"curies":[{"name":"wp","href":"https:\/\/api.w.org\/{rel}","templated":true}]}}