{"id":3963,"date":"2022-03-09T18:55:00","date_gmt":"2022-03-09T17:55:00","guid":{"rendered":"http:\/\/www.eoiestepona.org\/web\/?p=3963"},"modified":"2022-03-09T16:01:56","modified_gmt":"2022-03-09T15:01:56","slug":"por-fin","status":"publish","type":"post","link":"https:\/\/www.eoiestepona.org\/web\/por-fin\/","title":{"rendered":"\u00a1POR FIN!"},"content":{"rendered":"\n<p>Hoy 9 de marzo\u00a0 a las 10:00, por videoconferencia, el director de la Escuela Oficial de Idiomas de Estepona\u00a0 ha tenido una reuni\u00f3n con la Secretaria General de la Delegaci\u00f3n Territorial de Educaci\u00f3n y Deporte, D\u00aa Mar\u00eda Lozano Ibero y el Jefe de Servicio de Gesti\u00f3n de Recursos Humanos, D. H\u00e9ctor S\u00e1nchez Blasco en relaci\u00f3n a la falta de personal administrativo de este centro desde su inicio en 2007.<\/p>\n\n\n\n<p>En la reuni\u00f3n se ha confirmado que finalmente se ha creado la plaza de administrativo en esta escuela y que ahora tan s\u00f3lo queda que sea cubierta por personal de la Junta de Andaluc\u00eda. En los pr\u00f3ximos meses la EOI Estepona contar\u00e1 con personal administrativo que nos permitir\u00e1 dar una atenci\u00f3n personalizada al alumnado y a las personas que se acerquen a informarse. De esta manera el Equipo Directivo del centro podr\u00e1 centrarse en sus funciones.<\/p>\n\n\n\n<p>Despu\u00e9s de 14 a\u00f1os de reclamar esta plaza, a\u00fan nos parece mentira que se haga realidad en breve.<\/p>\n\n\n\n<figure class=\"wp-block-image size-large\"><img loading=\"lazy\" decoding=\"async\" width=\"940\" height=\"788\" src=\"http:\/\/www.eoiestepona.org\/web\/wp-content\/uploads\/2022\/03\/\u00a1POR-FIN-YA-TENDREMOS-ADMINISTRATIVO.jpg\" alt=\"\" class=\"wp-image-3964\" srcset=\"https:\/\/www.eoiestepona.org\/web\/wp-content\/uploads\/2022\/03\/\u00a1POR-FIN-YA-TENDREMOS-ADMINISTRATIVO.jpg 940w, https:\/\/www.eoiestepona.org\/web\/wp-content\/uploads\/2022\/03\/\u00a1POR-FIN-YA-TENDREMOS-ADMINISTRATIVO-300x251.jpg 300w, https:\/\/www.eoiestepona.org\/web\/wp-content\/uploads\/2022\/03\/\u00a1POR-FIN-YA-TENDREMOS-ADMINISTRATIVO-768x644.jpg 768w\" sizes=\"auto, (max-width: 940px) 100vw, 940px\" \/><\/figure>\n","protected":false},"excerpt":{"rendered":"<p>Hoy 9 de marzo\u00a0 a las 10:00, por videoconferencia, el director de la Escuela Oficial de Idiomas de Estepona\u00a0 ha tenido una reuni\u00f3n con la Secretaria General de la Delegaci\u00f3n &#8230;<\/p>\n","protected":false},"author":2,"featured_media":3964,"comment_status":"closed","ping_status":"closed","sticky":false,"template":"","format":"standard","meta":{"footnotes":""},"categories":[19],"tags":[],"class_list":["post-3963","post","type-post","status-publish","format-standard","has-post-thumbnail","hentry","category-la-escuela"],"_links":{"self":[{"href":"https:\/\/www.eoiestepona.org\/web\/wp-json\/wp\/v2\/posts\/3963","targetHints":{"allow":["GET"]}}],"collection":[{"href":"https:\/\/www.eoiestepona.org\/web\/wp-json\/wp\/v2\/posts"}],"about":[{"href":"https:\/\/www.eoiestepona.org\/web\/wp-json\/wp\/v2\/types\/post"}],"author":[{"embeddable":true,"href":"https:\/\/www.eoiestepona.org\/web\/wp-json\/wp\/v2\/users\/2"}],"replies":[{"embeddable":true,"href":"https:\/\/www.eoiestepona.org\/web\/wp-json\/wp\/v2\/comments?post=3963"}],"version-history":[{"count":2,"href":"https:\/\/www.eoiestepona.org\/web\/wp-json\/wp\/v2\/posts\/3963\/revisions"}],"predecessor-version":[{"id":3966,"href":"https:\/\/www.eoiestepona.org\/web\/wp-json\/wp\/v2\/posts\/3963\/revisions\/3966"}],"wp:featuredmedia":[{"embeddable":true,"href":"https:\/\/www.eoiestepona.org\/web\/wp-json\/wp\/v2\/media\/3964"}],"wp:attachment":[{"href":"https:\/\/www.eoiestepona.org\/web\/wp-json\/wp\/v2\/media?parent=3963"}],"wp:term":[{"taxonomy":"category","embeddable":true,"href":"https:\/\/www.eoiestepona.org\/web\/wp-json\/wp\/v2\/categories?post=3963"},{"taxonomy":"post_tag","embeddable":true,"href":"https:\/\/www.eoiestepona.org\/web\/wp-json\/wp\/v2\/tags?post=3963"}],"curies":[{"name":"wp","href":"https:\/\/api.w.org\/{rel}","templated":true}]}}