{"id":4177,"date":"2022-04-04T19:05:07","date_gmt":"2022-04-04T17:05:07","guid":{"rendered":"http:\/\/www.eoiestepona.org\/web\/?p=4177"},"modified":"2022-04-04T19:05:07","modified_gmt":"2022-04-04T17:05:07","slug":"la-ultima-cena-de-curro-leyton-2","status":"publish","type":"post","link":"https:\/\/www.eoiestepona.org\/web\/la-ultima-cena-de-curro-leyton-2\/","title":{"rendered":"LA \u00daLTIMA CENA de Curro Leyton."},"content":{"rendered":"\n<p>LA \u00daLTIMA CENA de Curro Leyton. C\/ Madrid (Iglesia San Jos\u00e9).<\/p>\n\n\n\n<p><strong>LA \u00daLTIMA CENA<\/strong><\/p>\n\n\n\n<p>MAR\u00cdA S\u00c1NCHEZ L\u00d3PEZ B1<\/p>\n\n\n\n<div class=\"wp-block-image\"><figure class=\"alignright size-large is-resized\"><img loading=\"lazy\" decoding=\"async\" src=\"http:\/\/www.eoiestepona.org\/web\/wp-content\/uploads\/2022\/03\/20210430_105559.jpg\" alt=\"\" class=\"wp-image-4046\" width=\"314\" height=\"207\" srcset=\"https:\/\/www.eoiestepona.org\/web\/wp-content\/uploads\/2022\/03\/20210430_105559.jpg 448w, https:\/\/www.eoiestepona.org\/web\/wp-content\/uploads\/2022\/03\/20210430_105559-300x198.jpg 300w\" sizes=\"auto, (max-width: 314px) 100vw, 314px\" \/><\/figure><\/div>\n\n\n\n<p>La fresque est situ\u00e9e sur la fa\u00e7ade arri\u00e8re de l\u2019\u00c9glise de San Jos\u00e9 dans la rue Madrid.La peinture originale se trouve dans le couvent de Santa Mar\u00eda de las Gracias \u00e0 Milan. Il s\u2019agit d\u2019une peinture historique-religieuse qui est consid\u00e9r\u00e9e comme une des \u0153uvres picturales les plus importantes du monde.<\/p>\n\n\n\n<p>L\u2019auteur de cette peinture murale est Curro Leyton, il a donn\u00e9 \u00e0 cette \u0153uvre une touche de modernit\u00e9 et de minimalisme gr\u00e2ce \u00e0 l\u2019utilisation de couleurs et de la perspective, c\u2019est un hommage \u00e0 Leonardo da Vinci.<\/p>\n\n\n\n<p>Cette fresque murale produit un sentiment de s\u00e9r\u00e9nit\u00e9 et de simplicit\u00e9 et nous montre la grandeur de la composition, les effets de contraste des couleurs et la confrontation des extr\u00eames (de proximit\u00e9 et d\u2019antagonisme) qui donnent \u00e0 la fresque sa richesse.<\/p>\n\n\n\n<p>Il introduit en m\u00eame temps le drame et la tension des personnages \u00e0 l\u2019annonce de la trahison de Judas.<\/p>\n\n\n\n<div class=\"wp-block-image\"><figure class=\"aligncenter size-large\"><img loading=\"lazy\" decoding=\"async\" width=\"448\" height=\"192\" src=\"http:\/\/www.eoiestepona.org\/web\/wp-content\/uploads\/2022\/03\/20210430_105633.jpg\" alt=\"\" class=\"wp-image-4048\" srcset=\"https:\/\/www.eoiestepona.org\/web\/wp-content\/uploads\/2022\/03\/20210430_105633.jpg 448w, https:\/\/www.eoiestepona.org\/web\/wp-content\/uploads\/2022\/03\/20210430_105633-300x129.jpg 300w\" sizes=\"auto, (max-width: 448px) 100vw, 448px\" \/><\/figure><\/div>\n\n\n\n<p><\/p>\n","protected":false},"excerpt":{"rendered":"<p>LA \u00daLTIMA CENA de Curro Leyton. C\/ Madrid (Iglesia San Jos\u00e9). LA \u00daLTIMA CENA MAR\u00cdA S\u00c1NCHEZ L\u00d3PEZ B1 La fresque est situ\u00e9e sur la fa\u00e7ade arri\u00e8re de l\u2019\u00c9glise de San &#8230;<\/p>\n","protected":false},"author":2,"featured_media":4049,"comment_status":"closed","ping_status":"closed","sticky":false,"template":"","format":"standard","meta":{"footnotes":""},"categories":[19,41],"tags":[46,43,27,21,24,30,26,28,25,52,44,23,42,32,51,48,49,47,45,50],"class_list":["post-4177","post","type-post","status-publish","format-standard","has-post-thumbnail","hentry","category-la-escuela","category-murales","tag-andalucia","tag-culture","tag-english","tag-eoi","tag-estepona","tag-francais","tag-frances","tag-french","tag-ingles","tag-malaga","tag-mur","tag-murales","tag-paintings","tag-peintures","tag-pinturas","tag-street","tag-visit","tag-visita","tag-visiter","tag-wall"],"_links":{"self":[{"href":"https:\/\/www.eoiestepona.org\/web\/wp-json\/wp\/v2\/posts\/4177","targetHints":{"allow":["GET"]}}],"collection":[{"href":"https:\/\/www.eoiestepona.org\/web\/wp-json\/wp\/v2\/posts"}],"about":[{"href":"https:\/\/www.eoiestepona.org\/web\/wp-json\/wp\/v2\/types\/post"}],"author":[{"embeddable":true,"href":"https:\/\/www.eoiestepona.org\/web\/wp-json\/wp\/v2\/users\/2"}],"replies":[{"embeddable":true,"href":"https:\/\/www.eoiestepona.org\/web\/wp-json\/wp\/v2\/comments?post=4177"}],"version-history":[{"count":1,"href":"https:\/\/www.eoiestepona.org\/web\/wp-json\/wp\/v2\/posts\/4177\/revisions"}],"predecessor-version":[{"id":4178,"href":"https:\/\/www.eoiestepona.org\/web\/wp-json\/wp\/v2\/posts\/4177\/revisions\/4178"}],"wp:featuredmedia":[{"embeddable":true,"href":"https:\/\/www.eoiestepona.org\/web\/wp-json\/wp\/v2\/media\/4049"}],"wp:attachment":[{"href":"https:\/\/www.eoiestepona.org\/web\/wp-json\/wp\/v2\/media?parent=4177"}],"wp:term":[{"taxonomy":"category","embeddable":true,"href":"https:\/\/www.eoiestepona.org\/web\/wp-json\/wp\/v2\/categories?post=4177"},{"taxonomy":"post_tag","embeddable":true,"href":"https:\/\/www.eoiestepona.org\/web\/wp-json\/wp\/v2\/tags?post=4177"}],"curies":[{"name":"wp","href":"https:\/\/api.w.org\/{rel}","templated":true}]}}