{"id":4180,"date":"2022-04-04T19:12:58","date_gmt":"2022-04-04T17:12:58","guid":{"rendered":"http:\/\/www.eoiestepona.org\/web\/?p=4180"},"modified":"2022-04-04T19:13:35","modified_gmt":"2022-04-04T17:13:35","slug":"4180-2","status":"publish","type":"post","link":"https:\/\/www.eoiestepona.org\/web\/4180-2\/","title":{"rendered":"ESP\u00cdRITU DE EQUIPO de Fco. Alarc\u00f3n."},"content":{"rendered":"\n<p>ESP\u00cdRITU DE EQUIPO de Fco.Alarc\u00f3n. C\/Crist\u00f3bal Ruiz M\u00e9ndez (Pabell\u00f3n Ramos-Cazorla).<\/p>\n\n\n\n<p><strong>ESP\u00cdRITU DE EQUIPO<\/strong><\/p>\n\n\n\n<p>Ana Rodr\u00edguez Contrera<\/p>\n\n\n\n<div class=\"wp-block-image\"><figure class=\"aligncenter size-large\"><img loading=\"lazy\" decoding=\"async\" width=\"448\" height=\"46\" src=\"http:\/\/www.eoiestepona.org\/web\/wp-content\/uploads\/2022\/03\/20210430_131225.jpg\" alt=\"\" class=\"wp-image-4038\" srcset=\"https:\/\/www.eoiestepona.org\/web\/wp-content\/uploads\/2022\/03\/20210430_131225.jpg 448w, https:\/\/www.eoiestepona.org\/web\/wp-content\/uploads\/2022\/03\/20210430_131225-300x31.jpg 300w\" sizes=\"auto, (max-width: 448px) 100vw, 448px\" \/><\/figure><\/div>\n\n\n\n<p>Realis\u00e9e par Francisco Alarc\u00f3n sur la fa\u00e7ade du centre sportif Ramos Cazorla et intitul\u00e9e \u201cEsp\u00edritu deportivo\u00bb, on peut voir dans cette la fresque murale l\u2019\u00e9quipe f\u00e9minine de basket d&#8217;Estepona qui est la championne de M\u00e1laga et d&#8217;Andaluc\u00eda.<\/p>\n\n\n\n<p>Le mur o\u00f9 elle est situ\u00e9e mesure 103 m\u00e8tres carr\u00e9s et 9 m\u00e8tres de haut.<\/p>\n\n\n\n<p>Les filles sont tr\u00e8s heureuses car elles viennent de recevoir leur troph\u00e9e et elles l\u00e8vent leurs bras en symbole de Victoire, comme le faisait un jeune sportif de Marbella lorsqu\u2019il luttait contre la leuc\u00e9mie (malheureusement il est d\u00e9c\u00e9d\u00e9).D\u2019ailleurs, la fresque est situ\u00e9e dans la rue qui porte son nom, Pablo R\u00e1ez Mart\u00ednez.<\/p>\n\n\n\n<div class=\"wp-block-image\"><figure class=\"aligncenter size-large\"><img loading=\"lazy\" decoding=\"async\" width=\"448\" height=\"269\" src=\"http:\/\/www.eoiestepona.org\/web\/wp-content\/uploads\/2022\/03\/20210430_131104.jpg\" alt=\"\" class=\"wp-image-4043\" srcset=\"https:\/\/www.eoiestepona.org\/web\/wp-content\/uploads\/2022\/03\/20210430_131104.jpg 448w, https:\/\/www.eoiestepona.org\/web\/wp-content\/uploads\/2022\/03\/20210430_131104-300x180.jpg 300w\" sizes=\"auto, (max-width: 448px) 100vw, 448px\" \/><\/figure><\/div>\n\n\n\n<p>Le cr\u00e9ateur a dit qu&#8217;il \u00e9tait tr\u00e8s heureux parce que ce style de peinture \u00e9tait tr\u00e8s diff\u00e9rent de celui qu\u2019il r\u00e9alisait habituellement dans son atelier. C\u2019est pourquoi, il a d\u00fb suivre un cours de gruiste, il a d\u00fb remplacer ses pinceaux par d\u2019\u00e9normes brosses et il a utilis\u00e9 35 kilos de peinture. Il a d\u00e9clar\u00e9 aussi qu&#8217;il aimait \u00eatre en contact avec les passants, ceux-ci le questionnaient sur le processus de cr\u00e9ation de son \u0153uvre et l\u2019ont encourag\u00e9 en chantant une chanson d&#8217;Antonio Machin \u00abPintor que pintas con amor\u00bb et ils l\u2019ont m\u00eame klaxonn\u00e9s quand ils passaient en voiture.<\/p>\n\n\n\n<div class=\"wp-block-image\"><figure class=\"aligncenter size-large\"><img loading=\"lazy\" decoding=\"async\" width=\"448\" height=\"336\" src=\"http:\/\/www.eoiestepona.org\/web\/wp-content\/uploads\/2022\/03\/20210430_131216.jpg\" alt=\"\" class=\"wp-image-4044\" srcset=\"https:\/\/www.eoiestepona.org\/web\/wp-content\/uploads\/2022\/03\/20210430_131216.jpg 448w, https:\/\/www.eoiestepona.org\/web\/wp-content\/uploads\/2022\/03\/20210430_131216-300x225.jpg 300w\" sizes=\"auto, (max-width: 448px) 100vw, 448px\" \/><\/figure><\/div>\n\n\n\n<div class=\"wp-block-image\"><figure class=\"aligncenter size-large\"><img loading=\"lazy\" decoding=\"async\" width=\"370\" height=\"336\" src=\"http:\/\/www.eoiestepona.org\/web\/wp-content\/uploads\/2022\/03\/20210430_131148.jpg\" alt=\"\" class=\"wp-image-4040\" srcset=\"https:\/\/www.eoiestepona.org\/web\/wp-content\/uploads\/2022\/03\/20210430_131148.jpg 370w, https:\/\/www.eoiestepona.org\/web\/wp-content\/uploads\/2022\/03\/20210430_131148-300x272.jpg 300w\" sizes=\"auto, (max-width: 370px) 100vw, 370px\" \/><\/figure><\/div>\n","protected":false},"excerpt":{"rendered":"<p>ESP\u00cdRITU DE EQUIPO de Fco.Alarc\u00f3n. C\/Crist\u00f3bal Ruiz M\u00e9ndez (Pabell\u00f3n Ramos-Cazorla). ESP\u00cdRITU DE EQUIPO Ana Rodr\u00edguez Contrera Realis\u00e9e par Francisco Alarc\u00f3n sur la fa\u00e7ade du centre sportif Ramos Cazorla et intitul\u00e9e &#8230;<\/p>\n","protected":false},"author":2,"featured_media":4042,"comment_status":"closed","ping_status":"closed","sticky":false,"template":"","format":"standard","meta":{"footnotes":""},"categories":[19,41],"tags":[46,43,27,21,24,30,26,28,25,52,44,23,42,32,51,48,49,47,45,50],"class_list":["post-4180","post","type-post","status-publish","format-standard","has-post-thumbnail","hentry","category-la-escuela","category-murales","tag-andalucia","tag-culture","tag-english","tag-eoi","tag-estepona","tag-francais","tag-frances","tag-french","tag-ingles","tag-malaga","tag-mur","tag-murales","tag-paintings","tag-peintures","tag-pinturas","tag-street","tag-visit","tag-visita","tag-visiter","tag-wall"],"_links":{"self":[{"href":"https:\/\/www.eoiestepona.org\/web\/wp-json\/wp\/v2\/posts\/4180","targetHints":{"allow":["GET"]}}],"collection":[{"href":"https:\/\/www.eoiestepona.org\/web\/wp-json\/wp\/v2\/posts"}],"about":[{"href":"https:\/\/www.eoiestepona.org\/web\/wp-json\/wp\/v2\/types\/post"}],"author":[{"embeddable":true,"href":"https:\/\/www.eoiestepona.org\/web\/wp-json\/wp\/v2\/users\/2"}],"replies":[{"embeddable":true,"href":"https:\/\/www.eoiestepona.org\/web\/wp-json\/wp\/v2\/comments?post=4180"}],"version-history":[{"count":2,"href":"https:\/\/www.eoiestepona.org\/web\/wp-json\/wp\/v2\/posts\/4180\/revisions"}],"predecessor-version":[{"id":4182,"href":"https:\/\/www.eoiestepona.org\/web\/wp-json\/wp\/v2\/posts\/4180\/revisions\/4182"}],"wp:featuredmedia":[{"embeddable":true,"href":"https:\/\/www.eoiestepona.org\/web\/wp-json\/wp\/v2\/media\/4042"}],"wp:attachment":[{"href":"https:\/\/www.eoiestepona.org\/web\/wp-json\/wp\/v2\/media?parent=4180"}],"wp:term":[{"taxonomy":"category","embeddable":true,"href":"https:\/\/www.eoiestepona.org\/web\/wp-json\/wp\/v2\/categories?post=4180"},{"taxonomy":"post_tag","embeddable":true,"href":"https:\/\/www.eoiestepona.org\/web\/wp-json\/wp\/v2\/tags?post=4180"}],"curies":[{"name":"wp","href":"https:\/\/api.w.org\/{rel}","templated":true}]}}