{"id":4184,"date":"2022-04-04T19:17:54","date_gmt":"2022-04-04T17:17:54","guid":{"rendered":"http:\/\/www.eoiestepona.org\/web\/?p=4184"},"modified":"2022-04-04T19:17:54","modified_gmt":"2022-04-04T17:17:54","slug":"estepona-se-viste-de-flores-de-susana-velasco-2","status":"publish","type":"post","link":"https:\/\/www.eoiestepona.org\/web\/estepona-se-viste-de-flores-de-susana-velasco-2\/","title":{"rendered":"ESTEPONA SE VISTE DE FLORES de Susana Velasco"},"content":{"rendered":"\n<p>ESTEPONA SE VISTE DE FLORES de Susana Velasco. C\/ Felix Rodriguez de la Fuente.<\/p>\n\n\n\n<p><strong>ESTEPONA SE VISTE DE FLORES<\/strong><\/p>\n\n\n\n<p>ANA BELEN PARRADO TINEO B1<\/p>\n\n\n\n<div class=\"wp-block-image\"><figure class=\"alignright size-large\"><img loading=\"lazy\" decoding=\"async\" width=\"291\" height=\"448\" src=\"http:\/\/www.eoiestepona.org\/web\/wp-content\/uploads\/2022\/04\/20210430_113614.jpg\" alt=\"\" class=\"wp-image-4096\" srcset=\"https:\/\/www.eoiestepona.org\/web\/wp-content\/uploads\/2022\/04\/20210430_113614.jpg 291w, https:\/\/www.eoiestepona.org\/web\/wp-content\/uploads\/2022\/04\/20210430_113614-195x300.jpg 195w\" sizes=\"auto, (max-width: 291px) 100vw, 291px\" \/><\/figure><\/div>\n\n\n\n<p><\/p>\n\n\n\n<p>Cette fresque murale\u00a0 a \u00e9t\u00e9 cr\u00e9\u00e9e par Susana Velasco. Cette peinture repr\u00e9sente une rue du centre historique d\u2019Estepona. Personnellement, j&#8217;adore cette rue. Si vous allez dans la rue du vent\u00a0 jusqu\u2019au\u00a0 milieu de celle-ci, vous pouvez contempler une des rues les plus jolies d\u2019Estepona. Dans Cette fresque, on peut voir une jeune fille dans la rue dont j\u2019ai parl\u00e9 avant. Cette fille porte une robe avec beaucoup\u00a0 de fleurs roses et de feuilles vertes ainsi que des bottines vertes \u00e0 talons. Curieusement, seuls la robe et les chaussures de la jeune fille sont en couleurs, le reste de la fresque est en noir et blanc. Selon moi, c\u2019est pour souligner le nom de la fresque\u00a0: \u201cEstepona s\u2019habille avec des fleurs\u201d. La fille est assise, recroquevill\u00e9e sur elle-m\u00eame, en train de caresser un chat. Le chat repr\u00e9sent\u00e9 sur la fresque poss\u00e8de plusieurscaract\u00e9ristiques duchat norv\u00e9gien\u00a0: de grande taille, le corps robuste, la queue longue et touffue, les oreilles de base large, de grands yeux en forme d\u2019amande, une fourrure mi-longue et dense. Il y a aussi beaucoup de pots de fleurs accroch\u00e9s aux murs des maisons qui, eux aussi, sont peints avec les m\u00eames couleurs que la robe de la jeune fille. Juste derri\u00e8re elle, on aper\u00e7oit l\u2019\u00e9glise la plus vieille d\u2019Estepona.<\/p>\n\n\n\n<figure class=\"wp-block-gallery columns-2 is-cropped wp-block-gallery-1 is-layout-flex wp-block-gallery-is-layout-flex\"><ul class=\"blocks-gallery-grid\"><li class=\"blocks-gallery-item\"><figure><img loading=\"lazy\" decoding=\"async\" width=\"316\" height=\"448\" src=\"http:\/\/www.eoiestepona.org\/web\/wp-content\/uploads\/2022\/04\/20210430_113619.jpg\" alt=\"\" data-id=\"4097\" data-full-url=\"http:\/\/www.eoiestepona.org\/web\/wp-content\/uploads\/2022\/04\/20210430_113619.jpg\" data-link=\"http:\/\/www.eoiestepona.org\/web\/estepona-se-viste-de-flores-de-susana-velasco\/20210430_113619\/\" class=\"wp-image-4097\" srcset=\"https:\/\/www.eoiestepona.org\/web\/wp-content\/uploads\/2022\/04\/20210430_113619.jpg 316w, https:\/\/www.eoiestepona.org\/web\/wp-content\/uploads\/2022\/04\/20210430_113619-212x300.jpg 212w\" sizes=\"auto, (max-width: 316px) 100vw, 316px\" \/><\/figure><\/li><li class=\"blocks-gallery-item\"><figure><img loading=\"lazy\" decoding=\"async\" width=\"201\" height=\"448\" src=\"http:\/\/www.eoiestepona.org\/web\/wp-content\/uploads\/2022\/04\/20210430_113558.jpg\" alt=\"\" data-id=\"4095\" data-full-url=\"http:\/\/www.eoiestepona.org\/web\/wp-content\/uploads\/2022\/04\/20210430_113558.jpg\" data-link=\"http:\/\/www.eoiestepona.org\/web\/estepona-se-viste-de-flores-de-susana-velasco\/20210430_113558\/\" class=\"wp-image-4095\" srcset=\"https:\/\/www.eoiestepona.org\/web\/wp-content\/uploads\/2022\/04\/20210430_113558.jpg 201w, https:\/\/www.eoiestepona.org\/web\/wp-content\/uploads\/2022\/04\/20210430_113558-135x300.jpg 135w\" sizes=\"auto, (max-width: 201px) 100vw, 201px\" \/><\/figure><\/li><\/ul><\/figure>\n","protected":false},"excerpt":{"rendered":"<p>ESTEPONA SE VISTE DE FLORES de Susana Velasco. C\/ Felix Rodriguez de la Fuente. ESTEPONA SE VISTE DE FLORES ANA BELEN PARRADO TINEO B1 Cette fresque murale\u00a0 a \u00e9t\u00e9 cr\u00e9\u00e9e &#8230;<\/p>\n","protected":false},"author":2,"featured_media":4097,"comment_status":"closed","ping_status":"closed","sticky":false,"template":"","format":"standard","meta":{"footnotes":""},"categories":[19,41],"tags":[46,43,27,21,24,30,26,28,25,52,44,23,42,32,51,48,49,47,45,50],"class_list":["post-4184","post","type-post","status-publish","format-standard","has-post-thumbnail","hentry","category-la-escuela","category-murales","tag-andalucia","tag-culture","tag-english","tag-eoi","tag-estepona","tag-francais","tag-frances","tag-french","tag-ingles","tag-malaga","tag-mur","tag-murales","tag-paintings","tag-peintures","tag-pinturas","tag-street","tag-visit","tag-visita","tag-visiter","tag-wall"],"_links":{"self":[{"href":"https:\/\/www.eoiestepona.org\/web\/wp-json\/wp\/v2\/posts\/4184","targetHints":{"allow":["GET"]}}],"collection":[{"href":"https:\/\/www.eoiestepona.org\/web\/wp-json\/wp\/v2\/posts"}],"about":[{"href":"https:\/\/www.eoiestepona.org\/web\/wp-json\/wp\/v2\/types\/post"}],"author":[{"embeddable":true,"href":"https:\/\/www.eoiestepona.org\/web\/wp-json\/wp\/v2\/users\/2"}],"replies":[{"embeddable":true,"href":"https:\/\/www.eoiestepona.org\/web\/wp-json\/wp\/v2\/comments?post=4184"}],"version-history":[{"count":1,"href":"https:\/\/www.eoiestepona.org\/web\/wp-json\/wp\/v2\/posts\/4184\/revisions"}],"predecessor-version":[{"id":4185,"href":"https:\/\/www.eoiestepona.org\/web\/wp-json\/wp\/v2\/posts\/4184\/revisions\/4185"}],"wp:featuredmedia":[{"embeddable":true,"href":"https:\/\/www.eoiestepona.org\/web\/wp-json\/wp\/v2\/media\/4097"}],"wp:attachment":[{"href":"https:\/\/www.eoiestepona.org\/web\/wp-json\/wp\/v2\/media?parent=4184"}],"wp:term":[{"taxonomy":"category","embeddable":true,"href":"https:\/\/www.eoiestepona.org\/web\/wp-json\/wp\/v2\/categories?post=4184"},{"taxonomy":"post_tag","embeddable":true,"href":"https:\/\/www.eoiestepona.org\/web\/wp-json\/wp\/v2\/tags?post=4184"}],"curies":[{"name":"wp","href":"https:\/\/api.w.org\/{rel}","templated":true}]}}