{"id":4289,"date":"2022-06-03T10:09:00","date_gmt":"2022-06-03T08:09:00","guid":{"rendered":"http:\/\/www.eoiestepona.org\/web\/?p=4289"},"modified":"2022-06-02T18:13:14","modified_gmt":"2022-06-02T16:13:14","slug":"nueva-web-erasmus","status":"publish","type":"post","link":"https:\/\/www.eoiestepona.org\/web\/nueva-web-erasmus\/","title":{"rendered":"Nueva web Erasmus+"},"content":{"rendered":"\n<p>La Escuela Oficial de Idiomas cuenta con una nueva web dedicada a los proyectos Eramus+ en los que est\u00e1 involucrada. Se trata de una web dise\u00f1ada para albergar las actividades y formaciones realizadas por el profesorado y como punto donde dejar las experiencias y materiales para el resto del profesorado. \u00a0<\/p>\n\n\n\n<div class=\"wp-block-image\"><figure class=\"aligncenter size-large\"><img loading=\"lazy\" decoding=\"async\" width=\"448\" height=\"213\" src=\"http:\/\/www.eoiestepona.org\/web\/wp-content\/uploads\/2022\/06\/nuevaweb.jpg\" alt=\"\" class=\"wp-image-4290\" srcset=\"https:\/\/www.eoiestepona.org\/web\/wp-content\/uploads\/2022\/06\/nuevaweb.jpg 448w, https:\/\/www.eoiestepona.org\/web\/wp-content\/uploads\/2022\/06\/nuevaweb-300x143.jpg 300w\" sizes=\"auto, (max-width: 448px) 100vw, 448px\" \/><\/figure><\/div>\n\n\n\n<div class=\"wp-block-buttons aligncenter is-layout-flex wp-block-buttons-is-layout-flex\">\n<div class=\"wp-block-button\"><a class=\"wp-block-button__link\" href=\"https:\/\/erasmus.eoiestepona.org\/\" target=\"_blank\" rel=\"noreferrer noopener\">Eramus+ Web EOI Estepona<\/a><\/div>\n<\/div>\n\n\n\n<p><a href=\"https:\/\/www.facebook.com\/ErasmusPlusSEPIE\/?__tn__=K-R&amp;eid=ARBF8wR_HnRNwpNDyRc0ycUFk4LBF4UGB_-__wjr4nwOWTY6cbEGw5m1n9W8DCQbbEZPP9gIzBOzsAlB&amp;fref=mentions&amp;__xts__%5B0%5D=68.ARB5TZbtT2PDIZ_H7F6HlepP6ei_vg-p_DjDGHfAfoqKXgu6ksQTohCjwDW3EqAxFzo7-i5EKNxofKGyxTDjDJZ-wwJYM831VGVGZW9m-nSi_DQkIQBwvuJFv7t80-_0eDM_SqKljZW_6-woGD4DuOMqSkbbOt-YpZnFymR4EczrowOcQqCh_T5o2G3Tp3gianrielCrVtS3_EML0yDahaByvXWXU5J73ZljvrO1yNk9TQLBPPihMjgp9pdMKz2S8aPb9-Eju3ck6r9wjJ8zWlTc65ihz5ii\">Servicio Espa\u00f1ol para la Internacionalizaci\u00f3n de la Educaci\u00f3n<\/a>,<\/p>\n","protected":false},"excerpt":{"rendered":"<p>La Escuela Oficial de Idiomas cuenta con una nueva web dedicada a los proyectos Eramus+ en los que est\u00e1 involucrada. Se trata de una web dise\u00f1ada para albergar las actividades &#8230;<\/p>\n","protected":false},"author":2,"featured_media":4290,"comment_status":"closed","ping_status":"closed","sticky":false,"template":"","format":"standard","meta":{"footnotes":""},"categories":[40,19],"tags":[77,65,110,111,112],"class_list":["post-4289","post","type-post","status-publish","format-standard","has-post-thumbnail","hentry","category-erasmus","category-la-escuela","tag-eoi-2","tag-eoiestepona","tag-erasmusplus","tag-erasmusplusproject","tag-erasmusplussepie"],"_links":{"self":[{"href":"https:\/\/www.eoiestepona.org\/web\/wp-json\/wp\/v2\/posts\/4289","targetHints":{"allow":["GET"]}}],"collection":[{"href":"https:\/\/www.eoiestepona.org\/web\/wp-json\/wp\/v2\/posts"}],"about":[{"href":"https:\/\/www.eoiestepona.org\/web\/wp-json\/wp\/v2\/types\/post"}],"author":[{"embeddable":true,"href":"https:\/\/www.eoiestepona.org\/web\/wp-json\/wp\/v2\/users\/2"}],"replies":[{"embeddable":true,"href":"https:\/\/www.eoiestepona.org\/web\/wp-json\/wp\/v2\/comments?post=4289"}],"version-history":[{"count":3,"href":"https:\/\/www.eoiestepona.org\/web\/wp-json\/wp\/v2\/posts\/4289\/revisions"}],"predecessor-version":[{"id":4293,"href":"https:\/\/www.eoiestepona.org\/web\/wp-json\/wp\/v2\/posts\/4289\/revisions\/4293"}],"wp:featuredmedia":[{"embeddable":true,"href":"https:\/\/www.eoiestepona.org\/web\/wp-json\/wp\/v2\/media\/4290"}],"wp:attachment":[{"href":"https:\/\/www.eoiestepona.org\/web\/wp-json\/wp\/v2\/media?parent=4289"}],"wp:term":[{"taxonomy":"category","embeddable":true,"href":"https:\/\/www.eoiestepona.org\/web\/wp-json\/wp\/v2\/categories?post=4289"},{"taxonomy":"post_tag","embeddable":true,"href":"https:\/\/www.eoiestepona.org\/web\/wp-json\/wp\/v2\/tags?post=4289"}],"curies":[{"name":"wp","href":"https:\/\/api.w.org\/{rel}","templated":true}]}}