{"id":4307,"date":"2022-06-27T12:08:39","date_gmt":"2022-06-27T10:08:39","guid":{"rendered":"http:\/\/www.eoiestepona.org\/web\/?p=4307"},"modified":"2022-06-27T12:10:50","modified_gmt":"2022-06-27T10:10:50","slug":"acabamos-el-curso","status":"publish","type":"post","link":"https:\/\/www.eoiestepona.org\/web\/acabamos-el-curso\/","title":{"rendered":"Acabamos el curso"},"content":{"rendered":"\n<p>El mes de junio llega a su fin y con ello el final del curso. En septiembre comenzaremos a partir del d\u00eda 1 con las pruebas de recuperaci\u00f3n, puedes consultar en los diferentes departamentos en esta web los calendarios de las pruebas.<\/p>\n\n\n\n<p>La Escuela Oficial de Idiomas tambi\u00e9n se ir\u00e1 de vacaciones en el mes de julio, si tienes que realizar alguna gesti\u00f3n, te recomendamos utilizar nuestro correo: secretaria.eoiestepona@gmail.com.<\/p>\n\n\n\n<p>En estas \u00faltimas semanas de curso estamos realizando la matriculaci\u00f3n para el alumnado que ha superado la convocatoria de junio y para el alumnado de nuevo ingreso.<\/p>\n\n\n\n<p>Si est\u00e1s interesado en nuestros curso, a\u00fan quedan plazas vacantes que se ofertar\u00e1n en el mes de septiembre; te invitamos a ver toda la informaci\u00f3n en nuestro apartado <a href=\"http:\/\/www.eoiestepona.org\/web\/preinscripcion-2022-2023\/\" target=\"_blank\" rel=\"noreferrer noopener\">Curso 2022\/2023<\/a>, donde puedes apuntarte para tenerte en cuenta para el pr\u00f3ximo curso.<\/p>\n\n\n\n<p>Tan s\u00f3lo desearos buenas vacaciones.<\/p>\n","protected":false},"excerpt":{"rendered":"<p>El mes de junio llega a su fin y con ello el final del curso. En septiembre comenzaremos a partir del d\u00eda 1 con las pruebas de recuperaci\u00f3n, puedes consultar &#8230;<\/p>\n","protected":false},"author":2,"featured_media":1605,"comment_status":"closed","ping_status":"closed","sticky":false,"template":"","format":"standard","meta":{"footnotes":""},"categories":[19],"tags":[],"class_list":["post-4307","post","type-post","status-publish","format-standard","has-post-thumbnail","hentry","category-la-escuela"],"_links":{"self":[{"href":"https:\/\/www.eoiestepona.org\/web\/wp-json\/wp\/v2\/posts\/4307","targetHints":{"allow":["GET"]}}],"collection":[{"href":"https:\/\/www.eoiestepona.org\/web\/wp-json\/wp\/v2\/posts"}],"about":[{"href":"https:\/\/www.eoiestepona.org\/web\/wp-json\/wp\/v2\/types\/post"}],"author":[{"embeddable":true,"href":"https:\/\/www.eoiestepona.org\/web\/wp-json\/wp\/v2\/users\/2"}],"replies":[{"embeddable":true,"href":"https:\/\/www.eoiestepona.org\/web\/wp-json\/wp\/v2\/comments?post=4307"}],"version-history":[{"count":2,"href":"https:\/\/www.eoiestepona.org\/web\/wp-json\/wp\/v2\/posts\/4307\/revisions"}],"predecessor-version":[{"id":4309,"href":"https:\/\/www.eoiestepona.org\/web\/wp-json\/wp\/v2\/posts\/4307\/revisions\/4309"}],"wp:featuredmedia":[{"embeddable":true,"href":"https:\/\/www.eoiestepona.org\/web\/wp-json\/wp\/v2\/media\/1605"}],"wp:attachment":[{"href":"https:\/\/www.eoiestepona.org\/web\/wp-json\/wp\/v2\/media?parent=4307"}],"wp:term":[{"taxonomy":"category","embeddable":true,"href":"https:\/\/www.eoiestepona.org\/web\/wp-json\/wp\/v2\/categories?post=4307"},{"taxonomy":"post_tag","embeddable":true,"href":"https:\/\/www.eoiestepona.org\/web\/wp-json\/wp\/v2\/tags?post=4307"}],"curies":[{"name":"wp","href":"https:\/\/api.w.org\/{rel}","templated":true}]}}