{"id":4318,"date":"2022-09-01T09:34:00","date_gmt":"2022-09-01T07:34:00","guid":{"rendered":"http:\/\/www.eoiestepona.org\/web\/?p=4318"},"modified":"2022-08-29T13:37:16","modified_gmt":"2022-08-29T11:37:16","slug":"la-vuelta-al-cole-2","status":"publish","type":"post","link":"https:\/\/www.eoiestepona.org\/web\/la-vuelta-al-cole-2\/","title":{"rendered":"La vuelta al cole"},"content":{"rendered":"\n<p>La vuelta al cole<br>Hoy es d\u00eda 1 de septiembre y volvemos a abrir tras el per\u00edodo vacacional con los ex\u00e1menes de certificaci\u00f3n y de promoci\u00f3n.<br>Ex\u00e1menes de ingl\u00e9s:\u00a0<a rel=\"noreferrer noopener\" href=\"http:\/\/www.eoiestepona.org\/web\/examenes-de-septiembre-ingles\/?fbclid=IwAR3nI15UeOCZS0aGSwsvni2uhLzvsh2uUi08p3JRy2OsOxOkxS781uVW3f4\" target=\"_blank\">http:\/\/www.eoiestepona.org\/w\u2026\/examenes-de-septiembre-ingles\/<\/a><br>Ex\u00e1menes de franc\u00e9s:\u00a0<a rel=\"noreferrer noopener\" href=\"https:\/\/l.facebook.com\/l.php?u=http%3A%2F%2Fwww.eoiestepona.org%2Fweb%2Fexamenes-de-septiembre-frances%2F%3Ffbclid%3DIwAR0EB6eB6MV52zLx9cd0k03d1xqxD8QaHx-HZK3e4kaM1wTOTAMmBWPRRVA&amp;h=AT2y8LNudWtNdHL_ZIauiMo9FdofEma43HfEY8kWaxMjDhJmLaBxrrRGHEPkWPiR5eKi5oQV4HnZbpSGL5LKvsdj1GZRlbN17cZFVLGm03NcSpB0CaXXj_GLgo6Hpu3gciPg8S8zlfJ3AdEZHCVRsEvjLBJtStYlFP1_XXbySCzVnFH7DlPRoQPmI2bMtJDFsqE7cRgGreCp2XK-HY6x2jWyDIy1KdGcL9HvlNSZWSEzq1WubWPbb4-Vx6HRnTdqoIzx1uZ_WFhaU_djWsANYJUUEWsMZLjZzRzuOT8a_4-DYFRMAvnJ9r42ZYs__fxWqkHpmqGs2y1Hj9Hov_VYzxIpVmRZb_6yGCrnNxpC-5hytefSn76pnxj04uC1v7NIXCXPkK8V4LUGbQVwGPxHLRe-2Dyeg86D726B23g7N9hPjZgshIdAiQUsaeXv1V4JJAdWJXZPFGsPjeOqe6Z5m6f8KYHm_ipSG8GYv4bk_COOwgg2cR7uSfXx2q95OAXhxmGvLLnstxccH2cKaQ7GFnDOCWVNi44gL0_oqolRp2lLnRhJSyHD\" target=\"_blank\">http:\/\/www.eoiestepona.org\/\u2026\/examenes-de-septiembre-frances\/<\/a><br>&#8211; Quieres optar a una plaza para el pr\u00f3ximo curso, aqu\u00ed tendr\u00e1 la informaci\u00f3n y los formularios :\u00a0<a rel=\"noreferrer noopener\" href=\"https:\/\/l.facebook.com\/l.php?u=http%3A%2F%2Fwww.eoiestepona.org%2Fweb%2Fpreinscripcion-2022-2023%2F%3Ffbclid%3DIwAR3js0K3hZLouG_fZELk4kXiSSZXKUar1GEB098Yst1euErbk_ChuUT2blw&amp;h=AT1ekzjolTg9zv09JAmm1cElmGRRcghLuFrGPNduoJwSZCCQ3yMDrQKLAWN7-eJFZ5tRtAptbFcvbfaNGnfaFawOhAjlZf1kDsp_9QBLLFBTEggX0DplU9xp29jMABqPakLsOb77UWxOiBDNEKyMi7j2l6kZ3Oah4UrycE7c8x0QxeLJud_SInjK1Q8e2swaEyjwAjMZK53Mc4EXCSevIqcchmWm80RMASN-A2dUjEfDBjX9-i1R0FWf7QQSLxB9OlZim2sXX02erflUBeajAci6trfNyu5pEkKNtToR_ujBGIQonyyUEgdiZqcDbG-cB20uZdSEUYkyFlz8XVZqskQe6L1Jo7NQcgAOvtKWh8Cfmg9FsslxvHXN4_vV3lNZgF44sKeuylhPWGSSwtuBBmfMZSXp8X6NNSapnFRfwJiUT2UfvlH0xFZ3OnGMOtN5cWRDV1d7j2xV1yWzrT97BVI4yCNn--7M136tDMXmkqftXixE7YRvrH7WNmQp9VKVUfmT2ei0wLLwSZjVGUzMjcE9NYpKjzCBeYFpEEPfiL9yfe8BsIRJ\" target=\"_blank\">http:\/\/www.eoiestepona.org\/web\/preinscripcion-2022-2023\/<\/a><\/p>\n\n\n\n<figure class=\"wp-block-image size-large\"><img loading=\"lazy\" decoding=\"async\" width=\"1024\" height=\"1024\" src=\"http:\/\/www.eoiestepona.org\/web\/wp-content\/uploads\/2022\/08\/Post-de-Instagram-vuelta-al-cole-primaria-ilustrado-azul-y-gris-1024x1024.png\" alt=\"\" class=\"wp-image-4319\" srcset=\"https:\/\/www.eoiestepona.org\/web\/wp-content\/uploads\/2022\/08\/Post-de-Instagram-vuelta-al-cole-primaria-ilustrado-azul-y-gris-1024x1024.png 1024w, https:\/\/www.eoiestepona.org\/web\/wp-content\/uploads\/2022\/08\/Post-de-Instagram-vuelta-al-cole-primaria-ilustrado-azul-y-gris-300x300.png 300w, https:\/\/www.eoiestepona.org\/web\/wp-content\/uploads\/2022\/08\/Post-de-Instagram-vuelta-al-cole-primaria-ilustrado-azul-y-gris-150x150.png 150w, https:\/\/www.eoiestepona.org\/web\/wp-content\/uploads\/2022\/08\/Post-de-Instagram-vuelta-al-cole-primaria-ilustrado-azul-y-gris-768x768.png 768w, https:\/\/www.eoiestepona.org\/web\/wp-content\/uploads\/2022\/08\/Post-de-Instagram-vuelta-al-cole-primaria-ilustrado-azul-y-gris.png 1080w\" sizes=\"auto, (max-width: 1024px) 100vw, 1024px\" \/><\/figure>\n","protected":false},"excerpt":{"rendered":"<p>La vuelta al coleHoy es d\u00eda 1 de septiembre y volvemos a abrir tras el per\u00edodo vacacional con los ex\u00e1menes de certificaci\u00f3n y de promoci\u00f3n.Ex\u00e1menes de ingl\u00e9s:\u00a0http:\/\/www.eoiestepona.org\/w\u2026\/examenes-de-septiembre-ingles\/Ex\u00e1menes de franc\u00e9s:\u00a0http:\/\/www.eoiestepona.org\/\u2026\/examenes-de-septiembre-frances\/&#8211; Quieres &#8230;<\/p>\n","protected":false},"author":2,"featured_media":4319,"comment_status":"closed","ping_status":"closed","sticky":false,"template":"","format":"standard","meta":{"footnotes":""},"categories":[19],"tags":[],"class_list":["post-4318","post","type-post","status-publish","format-standard","has-post-thumbnail","hentry","category-la-escuela"],"_links":{"self":[{"href":"https:\/\/www.eoiestepona.org\/web\/wp-json\/wp\/v2\/posts\/4318","targetHints":{"allow":["GET"]}}],"collection":[{"href":"https:\/\/www.eoiestepona.org\/web\/wp-json\/wp\/v2\/posts"}],"about":[{"href":"https:\/\/www.eoiestepona.org\/web\/wp-json\/wp\/v2\/types\/post"}],"author":[{"embeddable":true,"href":"https:\/\/www.eoiestepona.org\/web\/wp-json\/wp\/v2\/users\/2"}],"replies":[{"embeddable":true,"href":"https:\/\/www.eoiestepona.org\/web\/wp-json\/wp\/v2\/comments?post=4318"}],"version-history":[{"count":2,"href":"https:\/\/www.eoiestepona.org\/web\/wp-json\/wp\/v2\/posts\/4318\/revisions"}],"predecessor-version":[{"id":4321,"href":"https:\/\/www.eoiestepona.org\/web\/wp-json\/wp\/v2\/posts\/4318\/revisions\/4321"}],"wp:featuredmedia":[{"embeddable":true,"href":"https:\/\/www.eoiestepona.org\/web\/wp-json\/wp\/v2\/media\/4319"}],"wp:attachment":[{"href":"https:\/\/www.eoiestepona.org\/web\/wp-json\/wp\/v2\/media?parent=4318"}],"wp:term":[{"taxonomy":"category","embeddable":true,"href":"https:\/\/www.eoiestepona.org\/web\/wp-json\/wp\/v2\/categories?post=4318"},{"taxonomy":"post_tag","embeddable":true,"href":"https:\/\/www.eoiestepona.org\/web\/wp-json\/wp\/v2\/tags?post=4318"}],"curies":[{"name":"wp","href":"https:\/\/api.w.org\/{rel}","templated":true}]}}