{"id":4376,"date":"2022-09-27T11:48:14","date_gmt":"2022-09-27T09:48:14","guid":{"rendered":"http:\/\/www.eoiestepona.org\/web\/?p=4376"},"modified":"2022-09-27T11:48:14","modified_gmt":"2022-09-27T09:48:14","slug":"dia-europeo-de-las-lenguas","status":"publish","type":"post","link":"https:\/\/www.eoiestepona.org\/web\/dia-europeo-de-las-lenguas\/","title":{"rendered":"D\u00eda Europeo de las Lenguas"},"content":{"rendered":"\n<p>Esta semana estamos celebrando el <img loading=\"lazy\" decoding=\"async\" height=\"16\" width=\"16\" alt=\"\ud83c\uddea\ud83c\uddfa\" src=\"https:\/\/static.xx.fbcdn.net\/images\/emoji.php\/v9\/tdd\/1\/16\/1f1ea_1f1fa.png\">d\u00eda europeo de las lenguas <img loading=\"lazy\" decoding=\"async\" height=\"16\" width=\"16\" alt=\"\ud83c\uddea\ud83c\uddfa\" src=\"https:\/\/static.xx.fbcdn.net\/images\/emoji.php\/v9\/tdd\/1\/16\/1f1ea_1f1fa.png\"> en la \u00ab<a href=\"https:\/\/www.facebook.com\/profile.php?id=100054646651454&amp;__cft__[0]=AZUtIjFlinYhvhgZ02oJMb_BKq6f7Ujm0DnSyM-qr6w7NavMcY0609E7Bx7D8tXbfEFgOoyhP2gncU6qtbRC4S-6OQi_eS9ScUgoOL0hSf7DeVnEg9VTsPx7P6arNYO1_Eg&amp;__tn__=-]K-R\">EOI Estepona<\/a> y el mi\u00e9rcoles <a href=\"https:\/\/www.facebook.com\/europedirectcampodegibraltar?__cft__[0]=AZUtIjFlinYhvhgZ02oJMb_BKq6f7Ujm0DnSyM-qr6w7NavMcY0609E7Bx7D8tXbfEFgOoyhP2gncU6qtbRC4S-6OQi_eS9ScUgoOL0hSf7DeVnEg9VTsPx7P6arNYO1_Eg&amp;__tn__=-]K-R\">Europe Direct Campo Gibraltar<\/a> estar\u00e1 en el centro con un stand y una sesi\u00f3n informativa muy interesante para el alumnado de idiomas sobre Europa y su gran variedad ling\u00fc\u00edstica. Esta actividad est\u00e1 abierta a todo el p\u00fablico.<\/p>\n\n\n\n<div class=\"wp-block-image\"><figure class=\"aligncenter size-large\"><img loading=\"lazy\" decoding=\"async\" width=\"1024\" height=\"1024\" src=\"http:\/\/www.eoiestepona.org\/web\/wp-content\/uploads\/2022\/09\/post-1024x1024.png\" alt=\"\" class=\"wp-image-4377\" srcset=\"https:\/\/www.eoiestepona.org\/web\/wp-content\/uploads\/2022\/09\/post-1024x1024.png 1024w, https:\/\/www.eoiestepona.org\/web\/wp-content\/uploads\/2022\/09\/post-300x300.png 300w, https:\/\/www.eoiestepona.org\/web\/wp-content\/uploads\/2022\/09\/post-150x150.png 150w, https:\/\/www.eoiestepona.org\/web\/wp-content\/uploads\/2022\/09\/post-768x768.png 768w, https:\/\/www.eoiestepona.org\/web\/wp-content\/uploads\/2022\/09\/post.png 1080w\" sizes=\"auto, (max-width: 1024px) 100vw, 1024px\" \/><\/figure><\/div>\n","protected":false},"excerpt":{"rendered":"<p>Esta semana estamos celebrando el d\u00eda europeo de las lenguas en la \u00abEOI Estepona y el mi\u00e9rcoles Europe Direct Campo Gibraltar estar\u00e1 en el centro con un stand y una &#8230;<\/p>\n","protected":false},"author":2,"featured_media":4377,"comment_status":"closed","ping_status":"closed","sticky":false,"template":"","format":"standard","meta":{"footnotes":""},"categories":[18,20,19],"tags":[79,114,86,65,72,113,115,116],"class_list":["post-4376","post","type-post","status-publish","format-standard","has-post-thumbnail","hentry","category-frances","category-ingles","category-la-escuela","tag-aytoestepona","tag-diaeuropeodelaslenguas","tag-eeooii","tag-eoiestepona","tag-estepona-2","tag-europedirectcampodegibraltar","tag-ayuntamiento-de-estepona","tag-delegacion-de-cultura"],"_links":{"self":[{"href":"https:\/\/www.eoiestepona.org\/web\/wp-json\/wp\/v2\/posts\/4376","targetHints":{"allow":["GET"]}}],"collection":[{"href":"https:\/\/www.eoiestepona.org\/web\/wp-json\/wp\/v2\/posts"}],"about":[{"href":"https:\/\/www.eoiestepona.org\/web\/wp-json\/wp\/v2\/types\/post"}],"author":[{"embeddable":true,"href":"https:\/\/www.eoiestepona.org\/web\/wp-json\/wp\/v2\/users\/2"}],"replies":[{"embeddable":true,"href":"https:\/\/www.eoiestepona.org\/web\/wp-json\/wp\/v2\/comments?post=4376"}],"version-history":[{"count":1,"href":"https:\/\/www.eoiestepona.org\/web\/wp-json\/wp\/v2\/posts\/4376\/revisions"}],"predecessor-version":[{"id":4378,"href":"https:\/\/www.eoiestepona.org\/web\/wp-json\/wp\/v2\/posts\/4376\/revisions\/4378"}],"wp:featuredmedia":[{"embeddable":true,"href":"https:\/\/www.eoiestepona.org\/web\/wp-json\/wp\/v2\/media\/4377"}],"wp:attachment":[{"href":"https:\/\/www.eoiestepona.org\/web\/wp-json\/wp\/v2\/media?parent=4376"}],"wp:term":[{"taxonomy":"category","embeddable":true,"href":"https:\/\/www.eoiestepona.org\/web\/wp-json\/wp\/v2\/categories?post=4376"},{"taxonomy":"post_tag","embeddable":true,"href":"https:\/\/www.eoiestepona.org\/web\/wp-json\/wp\/v2\/tags?post=4376"}],"curies":[{"name":"wp","href":"https:\/\/api.w.org\/{rel}","templated":true}]}}