{"id":4655,"date":"2023-04-22T12:30:50","date_gmt":"2023-04-22T10:30:50","guid":{"rendered":"https:\/\/www.eoiestepona.org\/web\/?p=4655"},"modified":"2023-04-22T12:30:50","modified_gmt":"2023-04-22T10:30:50","slug":"r-evolucion-digital-en-el-aula","status":"publish","type":"post","link":"https:\/\/www.eoiestepona.org\/web\/r-evolucion-digital-en-el-aula\/","title":{"rendered":"R-Evoluci\u00f3n digital en el Aula"},"content":{"rendered":"\n<p>El profesor Juan Ortiz ha participado en las primeras Jornadas Regionales de EPER y EEOOOII organizadas por el CEP Huelva-Isla Cristina los d\u00edas 20 y 21 de abril en la Universidad de Huelva.<br>En estas jornadas tituladas \u00abR-Evoluci\u00f3n digital en el Aula\u00bb han asistidos profesorado de m\u00e1s cien centros de toda Andaluc\u00eda. Dos d\u00edas intensos con tres ponencias plenarias y quince talleres diferentes.<br>Han tenido como objetivos: mejorar del Competencia Digital Docente, potenciar el uso de herramientas digitales, motivar al profesorado a innovar en el aula y crear una red virtuual de centros de Educaci\u00f3n Permanente y Escuelas Oficiales de Idiomas.<br>Ha sido la ocasi\u00f3n de poder encontrar compa\u00f1eros de otras provincias con los que intercambiar ideas y buenas pr\u00e1cticas.<br>Adem\u00e1s ha conseguido realizar el reto gamificado y ha conseguido ser un docente 4.0 consiguiendo un acceso premium a Genial.ly.<br><\/p>\n\n\n\n<figure class=\"wp-block-image size-large\"><img loading=\"lazy\" decoding=\"async\" width=\"885\" height=\"1024\" src=\"https:\/\/www.eoiestepona.org\/web\/wp-content\/uploads\/2023\/04\/20230421_202827-885x1024.jpg\" alt=\"\" class=\"wp-image-4656\" srcset=\"https:\/\/www.eoiestepona.org\/web\/wp-content\/uploads\/2023\/04\/20230421_202827-885x1024.jpg 885w, https:\/\/www.eoiestepona.org\/web\/wp-content\/uploads\/2023\/04\/20230421_202827-259x300.jpg 259w, https:\/\/www.eoiestepona.org\/web\/wp-content\/uploads\/2023\/04\/20230421_202827-768x889.jpg 768w, https:\/\/www.eoiestepona.org\/web\/wp-content\/uploads\/2023\/04\/20230421_202827-1328x1536.jpg 1328w, https:\/\/www.eoiestepona.org\/web\/wp-content\/uploads\/2023\/04\/20230421_202827-1770x2048.jpg 1770w\" sizes=\"auto, (max-width: 885px) 100vw, 885px\" \/><\/figure>\n\n\n\n<figure class=\"wp-block-image size-full\"><img loading=\"lazy\" decoding=\"async\" width=\"795\" height=\"447\" src=\"https:\/\/www.eoiestepona.org\/web\/wp-content\/uploads\/2023\/04\/titu.png\" alt=\"\" class=\"wp-image-4657\" srcset=\"https:\/\/www.eoiestepona.org\/web\/wp-content\/uploads\/2023\/04\/titu.png 795w, https:\/\/www.eoiestepona.org\/web\/wp-content\/uploads\/2023\/04\/titu-300x169.png 300w, https:\/\/www.eoiestepona.org\/web\/wp-content\/uploads\/2023\/04\/titu-768x432.png 768w\" sizes=\"auto, (max-width: 795px) 100vw, 795px\" \/><\/figure>\n","protected":false},"excerpt":{"rendered":"<p>El profesor Juan Ortiz ha participado en las primeras Jornadas Regionales de EPER y EEOOOII organizadas por el CEP Huelva-Isla Cristina los d\u00edas 20 y 21 de abril en la &#8230;<\/p>\n","protected":false},"author":2,"featured_media":4656,"comment_status":"closed","ping_status":"closed","sticky":false,"template":"","format":"standard","meta":{"footnotes":""},"categories":[19],"tags":[152,149,65,151,150,24],"class_list":["post-4655","post","type-post","status-publish","format-standard","has-post-thumbnail","hentry","category-la-escuela","tag-cephuelva","tag-educacionpermanenteexiste","tag-eoiestepona","tag-eperlandacademy","tag-jornadasregionalesepereoi","tag-estepona"],"_links":{"self":[{"href":"https:\/\/www.eoiestepona.org\/web\/wp-json\/wp\/v2\/posts\/4655","targetHints":{"allow":["GET"]}}],"collection":[{"href":"https:\/\/www.eoiestepona.org\/web\/wp-json\/wp\/v2\/posts"}],"about":[{"href":"https:\/\/www.eoiestepona.org\/web\/wp-json\/wp\/v2\/types\/post"}],"author":[{"embeddable":true,"href":"https:\/\/www.eoiestepona.org\/web\/wp-json\/wp\/v2\/users\/2"}],"replies":[{"embeddable":true,"href":"https:\/\/www.eoiestepona.org\/web\/wp-json\/wp\/v2\/comments?post=4655"}],"version-history":[{"count":1,"href":"https:\/\/www.eoiestepona.org\/web\/wp-json\/wp\/v2\/posts\/4655\/revisions"}],"predecessor-version":[{"id":4658,"href":"https:\/\/www.eoiestepona.org\/web\/wp-json\/wp\/v2\/posts\/4655\/revisions\/4658"}],"wp:featuredmedia":[{"embeddable":true,"href":"https:\/\/www.eoiestepona.org\/web\/wp-json\/wp\/v2\/media\/4656"}],"wp:attachment":[{"href":"https:\/\/www.eoiestepona.org\/web\/wp-json\/wp\/v2\/media?parent=4655"}],"wp:term":[{"taxonomy":"category","embeddable":true,"href":"https:\/\/www.eoiestepona.org\/web\/wp-json\/wp\/v2\/categories?post=4655"},{"taxonomy":"post_tag","embeddable":true,"href":"https:\/\/www.eoiestepona.org\/web\/wp-json\/wp\/v2\/tags?post=4655"}],"curies":[{"name":"wp","href":"https:\/\/api.w.org\/{rel}","templated":true}]}}