{"id":4662,"date":"2023-04-24T17:51:27","date_gmt":"2023-04-24T15:51:27","guid":{"rendered":"https:\/\/www.eoiestepona.org\/web\/?p=4662"},"modified":"2023-04-24T17:51:27","modified_gmt":"2023-04-24T15:51:27","slug":"los-eoistas-en-las-jornadas","status":"publish","type":"post","link":"https:\/\/www.eoiestepona.org\/web\/los-eoistas-en-las-jornadas\/","title":{"rendered":"Los EOIstas en las Jornadas"},"content":{"rendered":"\n<p><br>Las jornadas tituladas \u00abR-Evoluci\u00f3n digital en el Aula\u00bb ha sido la ocasi\u00f3n para que el profesorado de muchas de las Escuelas Oficiales de Idiomas de Andaluc\u00eda se encuentren.<\/p>\n\n\n\n<p>La jornada ha ofertado talleres dirigidos por profesores de EEOOII en el uso de nuevas metodolog\u00edas. Talleres totalmente pr\u00e1cticos sobre gesti\u00f3n de tiempo, gamificaci\u00f3n, evaluaci\u00f3n, etc,  que han podido compartir con docentes de idiomas de otros cuerpos.<\/p>\n\n\n\n<p>Es siempre enriquecedor tener espacios donde compa\u00f1eros de otras EOI puedan encontrarse y cambiar experiencias.<\/p>\n\n\n\n<figure class=\"wp-block-image size-large\"><img loading=\"lazy\" decoding=\"async\" width=\"1024\" height=\"768\" src=\"https:\/\/www.eoiestepona.org\/web\/wp-content\/uploads\/2023\/04\/IMG-20230424-WA0010-1024x768.jpg\" alt=\"\" class=\"wp-image-4666\" srcset=\"https:\/\/www.eoiestepona.org\/web\/wp-content\/uploads\/2023\/04\/IMG-20230424-WA0010-1024x768.jpg 1024w, https:\/\/www.eoiestepona.org\/web\/wp-content\/uploads\/2023\/04\/IMG-20230424-WA0010-300x225.jpg 300w, https:\/\/www.eoiestepona.org\/web\/wp-content\/uploads\/2023\/04\/IMG-20230424-WA0010-768x576.jpg 768w, https:\/\/www.eoiestepona.org\/web\/wp-content\/uploads\/2023\/04\/IMG-20230424-WA0010-1536x1152.jpg 1536w, https:\/\/www.eoiestepona.org\/web\/wp-content\/uploads\/2023\/04\/IMG-20230424-WA0010.jpg 1600w\" sizes=\"auto, (max-width: 1024px) 100vw, 1024px\" \/><\/figure>\n","protected":false},"excerpt":{"rendered":"<p>Las jornadas tituladas \u00abR-Evoluci\u00f3n digital en el Aula\u00bb ha sido la ocasi\u00f3n para que el profesorado de muchas de las Escuelas Oficiales de Idiomas de Andaluc\u00eda se encuentren. La jornada &#8230;<\/p>\n","protected":false},"author":2,"featured_media":4665,"comment_status":"closed","ping_status":"closed","sticky":false,"template":"","format":"standard","meta":{"footnotes":""},"categories":[19],"tags":[154,153,24],"class_list":["post-4662","post","type-post","status-publish","format-standard","has-post-thumbnail","hentry","category-la-escuela","tag-eper","tag-jornadas","tag-estepona"],"_links":{"self":[{"href":"https:\/\/www.eoiestepona.org\/web\/wp-json\/wp\/v2\/posts\/4662","targetHints":{"allow":["GET"]}}],"collection":[{"href":"https:\/\/www.eoiestepona.org\/web\/wp-json\/wp\/v2\/posts"}],"about":[{"href":"https:\/\/www.eoiestepona.org\/web\/wp-json\/wp\/v2\/types\/post"}],"author":[{"embeddable":true,"href":"https:\/\/www.eoiestepona.org\/web\/wp-json\/wp\/v2\/users\/2"}],"replies":[{"embeddable":true,"href":"https:\/\/www.eoiestepona.org\/web\/wp-json\/wp\/v2\/comments?post=4662"}],"version-history":[{"count":1,"href":"https:\/\/www.eoiestepona.org\/web\/wp-json\/wp\/v2\/posts\/4662\/revisions"}],"predecessor-version":[{"id":4667,"href":"https:\/\/www.eoiestepona.org\/web\/wp-json\/wp\/v2\/posts\/4662\/revisions\/4667"}],"wp:featuredmedia":[{"embeddable":true,"href":"https:\/\/www.eoiestepona.org\/web\/wp-json\/wp\/v2\/media\/4665"}],"wp:attachment":[{"href":"https:\/\/www.eoiestepona.org\/web\/wp-json\/wp\/v2\/media?parent=4662"}],"wp:term":[{"taxonomy":"category","embeddable":true,"href":"https:\/\/www.eoiestepona.org\/web\/wp-json\/wp\/v2\/categories?post=4662"},{"taxonomy":"post_tag","embeddable":true,"href":"https:\/\/www.eoiestepona.org\/web\/wp-json\/wp\/v2\/tags?post=4662"}],"curies":[{"name":"wp","href":"https:\/\/api.w.org\/{rel}","templated":true}]}}