{"id":4793,"date":"2023-05-26T12:34:13","date_gmt":"2023-05-26T10:34:13","guid":{"rendered":"https:\/\/www.eoiestepona.org\/web\/?p=4793"},"modified":"2023-05-26T12:34:13","modified_gmt":"2023-05-26T10:34:13","slug":"2o-encuentro-de-plan-de-igualdad","status":"publish","type":"post","link":"https:\/\/www.eoiestepona.org\/web\/2o-encuentro-de-plan-de-igualdad\/","title":{"rendered":"2\u00ba Encuentro de Plan de Igualdad"},"content":{"rendered":"\n<p><em>El coordinador del Plan de Igualdad de nuestro centro asisti\u00f3 el pasado jueves al 2\u00ba Encuentro de Coordinaci\u00f3n celebrado en Marbella. En este encuentro, han podido asistir a la ponencia de la crimin\u00f3loga Beatr\u00edz Izquierdo, as\u00ed como escuchar intervenciones sobre pr\u00e1cticas de \u00e9xito educativo en Coeducaci\u00f3n llevadas a cabo en centros de la provincia de M\u00e1laga. Finalmente, disfrutaron de unos\u00a0fragmentos\u00a0de la obra de teatro \u00abLa mirada ancha\u00bb, en los que se mezclaba el humor con interesantes reflexiones sobre igualdad de\u00a0g\u00e9nero.<\/em><\/p>\n\n\n\n<figure class=\"wp-block-gallery has-nested-images columns-default is-cropped wp-block-gallery-1 is-layout-flex wp-block-gallery-is-layout-flex\">\n<figure class=\"wp-block-image size-large\"><img loading=\"lazy\" decoding=\"async\" width=\"1024\" height=\"819\" data-id=\"4794\" src=\"https:\/\/www.eoiestepona.org\/web\/wp-content\/uploads\/2023\/05\/jrondad-1024x819.jpg\" alt=\"\" class=\"wp-image-4794\" srcset=\"https:\/\/www.eoiestepona.org\/web\/wp-content\/uploads\/2023\/05\/jrondad-1024x819.jpg 1024w, https:\/\/www.eoiestepona.org\/web\/wp-content\/uploads\/2023\/05\/jrondad-300x240.jpg 300w, https:\/\/www.eoiestepona.org\/web\/wp-content\/uploads\/2023\/05\/jrondad-768x614.jpg 768w, https:\/\/www.eoiestepona.org\/web\/wp-content\/uploads\/2023\/05\/jrondad-1536x1229.jpg 1536w, https:\/\/www.eoiestepona.org\/web\/wp-content\/uploads\/2023\/05\/jrondad.jpg 2000w\" sizes=\"auto, (max-width: 1024px) 100vw, 1024px\" \/><\/figure>\n<\/figure>\n","protected":false},"excerpt":{"rendered":"<p>El coordinador del Plan de Igualdad de nuestro centro asisti\u00f3 el pasado jueves al 2\u00ba Encuentro de Coordinaci\u00f3n celebrado en Marbella. En este encuentro, han podido asistir a la ponencia &#8230;<\/p>\n","protected":false},"author":2,"featured_media":4794,"comment_status":"closed","ping_status":"closed","sticky":false,"template":"","format":"standard","meta":{"footnotes":""},"categories":[19],"tags":[65,163,24],"class_list":["post-4793","post","type-post","status-publish","format-standard","has-post-thumbnail","hentry","category-la-escuela","tag-eoiestepona","tag-igualdad","tag-estepona"],"_links":{"self":[{"href":"https:\/\/www.eoiestepona.org\/web\/wp-json\/wp\/v2\/posts\/4793","targetHints":{"allow":["GET"]}}],"collection":[{"href":"https:\/\/www.eoiestepona.org\/web\/wp-json\/wp\/v2\/posts"}],"about":[{"href":"https:\/\/www.eoiestepona.org\/web\/wp-json\/wp\/v2\/types\/post"}],"author":[{"embeddable":true,"href":"https:\/\/www.eoiestepona.org\/web\/wp-json\/wp\/v2\/users\/2"}],"replies":[{"embeddable":true,"href":"https:\/\/www.eoiestepona.org\/web\/wp-json\/wp\/v2\/comments?post=4793"}],"version-history":[{"count":1,"href":"https:\/\/www.eoiestepona.org\/web\/wp-json\/wp\/v2\/posts\/4793\/revisions"}],"predecessor-version":[{"id":4795,"href":"https:\/\/www.eoiestepona.org\/web\/wp-json\/wp\/v2\/posts\/4793\/revisions\/4795"}],"wp:featuredmedia":[{"embeddable":true,"href":"https:\/\/www.eoiestepona.org\/web\/wp-json\/wp\/v2\/media\/4794"}],"wp:attachment":[{"href":"https:\/\/www.eoiestepona.org\/web\/wp-json\/wp\/v2\/media?parent=4793"}],"wp:term":[{"taxonomy":"category","embeddable":true,"href":"https:\/\/www.eoiestepona.org\/web\/wp-json\/wp\/v2\/categories?post=4793"},{"taxonomy":"post_tag","embeddable":true,"href":"https:\/\/www.eoiestepona.org\/web\/wp-json\/wp\/v2\/tags?post=4793"}],"curies":[{"name":"wp","href":"https:\/\/api.w.org\/{rel}","templated":true}]}}