{"id":4813,"date":"2023-06-02T12:04:31","date_gmt":"2023-06-02T10:04:31","guid":{"rendered":"https:\/\/www.eoiestepona.org\/web\/?p=4813"},"modified":"2023-06-02T12:04:31","modified_gmt":"2023-06-02T10:04:31","slug":"bye-bye-will","status":"publish","type":"post","link":"https:\/\/www.eoiestepona.org\/web\/bye-bye-will\/","title":{"rendered":"Bye, bye, Will"},"content":{"rendered":"\n<p>El mi\u00e9rcoles &nbsp;31 de mayo fue el \u00faltimo d\u00eda de nuestro auxiliar de conversaci\u00f3n, Will Nelson. Los profesores del departamento junto al alumnado organizaron una emotiva fiesta de despedida.<\/p>\n\n\n\n<p>Queremos agradecer todo el trabajo que ha realizado con nuestro alumnado y le deseamos todo lo mejor.<\/p>\n\n\n\n<p>Will Nelson ha demostrado una dedicaci\u00f3n plena a las clases y estamos seguros de que va a brillar all\u00e1 donde vaya.<\/p>\n\n\n\n<p>\u00a1Gracias, Will, por este a\u00f1o tan fant\u00e1stico!<\/p>\n\n\n\n<p>Will, we wish nothing but the best for you!!!<\/p>\n\n\n\n<figure class=\"wp-block-video\"><video height=\"754\" style=\"aspect-ratio: 944 \/ 754;\" width=\"944\" controls src=\"https:\/\/www.eoiestepona.org\/web\/wp-content\/uploads\/2023\/06\/Gracias-Will-2.mp4\"><\/video><\/figure>\n","protected":false},"excerpt":{"rendered":"<p>El mi\u00e9rcoles &nbsp;31 de mayo fue el \u00faltimo d\u00eda de nuestro auxiliar de conversaci\u00f3n, Will Nelson. Los profesores del departamento junto al alumnado organizaron una emotiva fiesta de despedida. Queremos &#8230;<\/p>\n","protected":false},"author":2,"featured_media":4815,"comment_status":"closed","ping_status":"closed","sticky":false,"template":"","format":"standard","meta":{"footnotes":""},"categories":[20,19],"tags":[65,24],"class_list":["post-4813","post","type-post","status-publish","format-standard","has-post-thumbnail","hentry","category-ingles","category-la-escuela","tag-eoiestepona","tag-estepona"],"_links":{"self":[{"href":"https:\/\/www.eoiestepona.org\/web\/wp-json\/wp\/v2\/posts\/4813","targetHints":{"allow":["GET"]}}],"collection":[{"href":"https:\/\/www.eoiestepona.org\/web\/wp-json\/wp\/v2\/posts"}],"about":[{"href":"https:\/\/www.eoiestepona.org\/web\/wp-json\/wp\/v2\/types\/post"}],"author":[{"embeddable":true,"href":"https:\/\/www.eoiestepona.org\/web\/wp-json\/wp\/v2\/users\/2"}],"replies":[{"embeddable":true,"href":"https:\/\/www.eoiestepona.org\/web\/wp-json\/wp\/v2\/comments?post=4813"}],"version-history":[{"count":1,"href":"https:\/\/www.eoiestepona.org\/web\/wp-json\/wp\/v2\/posts\/4813\/revisions"}],"predecessor-version":[{"id":4816,"href":"https:\/\/www.eoiestepona.org\/web\/wp-json\/wp\/v2\/posts\/4813\/revisions\/4816"}],"wp:featuredmedia":[{"embeddable":true,"href":"https:\/\/www.eoiestepona.org\/web\/wp-json\/wp\/v2\/media\/4815"}],"wp:attachment":[{"href":"https:\/\/www.eoiestepona.org\/web\/wp-json\/wp\/v2\/media?parent=4813"}],"wp:term":[{"taxonomy":"category","embeddable":true,"href":"https:\/\/www.eoiestepona.org\/web\/wp-json\/wp\/v2\/categories?post=4813"},{"taxonomy":"post_tag","embeddable":true,"href":"https:\/\/www.eoiestepona.org\/web\/wp-json\/wp\/v2\/tags?post=4813"}],"curies":[{"name":"wp","href":"https:\/\/api.w.org\/{rel}","templated":true}]}}