{"id":5042,"date":"2023-10-27T12:18:04","date_gmt":"2023-10-27T10:18:04","guid":{"rendered":"https:\/\/www.eoiestepona.org\/web\/?p=5042"},"modified":"2023-10-27T12:18:04","modified_gmt":"2023-10-27T10:18:04","slug":"consejo-escolar","status":"publish","type":"post","link":"https:\/\/www.eoiestepona.org\/web\/consejo-escolar\/","title":{"rendered":"Consejo Escolar"},"content":{"rendered":"\n<p>Hoy ha tenido lugar la primera reuni\u00f3n del Consejo Escolar en la Escuela Oficial de Idiomas de Estepona para este nuevo curso, y queremos extender una c\u00e1lida bienvenida a nuestra reci\u00e9n nombrada representante del Ayuntamiento de Estepona, la concejala Ana Vilaseca. Tenemos grandes expectativas de que la colaboraci\u00f3n con el consistorio se traduzca en un impulso significativo para la mejora de nuestro centro educativo. Esperamos trabajar juntos en la b\u00fasqueda de soluciones y en la promoci\u00f3n de un ambiente de aprendizaje \u00f3ptimo para nuestros estudiantes.<\/p>\n\n\n\n<figure class=\"wp-block-image size-large\"><img loading=\"lazy\" decoding=\"async\" width=\"1024\" height=\"1024\" src=\"https:\/\/www.eoiestepona.org\/web\/wp-content\/uploads\/2023\/10\/post-1024x1024.jpg\" alt=\"\" class=\"wp-image-5043\" srcset=\"https:\/\/www.eoiestepona.org\/web\/wp-content\/uploads\/2023\/10\/post-1024x1024.jpg 1024w, https:\/\/www.eoiestepona.org\/web\/wp-content\/uploads\/2023\/10\/post-300x300.jpg 300w, https:\/\/www.eoiestepona.org\/web\/wp-content\/uploads\/2023\/10\/post-150x150.jpg 150w, https:\/\/www.eoiestepona.org\/web\/wp-content\/uploads\/2023\/10\/post-768x768.jpg 768w, https:\/\/www.eoiestepona.org\/web\/wp-content\/uploads\/2023\/10\/post.jpg 1080w\" sizes=\"auto, (max-width: 1024px) 100vw, 1024px\" \/><\/figure>\n","protected":false},"excerpt":{"rendered":"<p>Hoy ha tenido lugar la primera reuni\u00f3n del Consejo Escolar en la Escuela Oficial de Idiomas de Estepona para este nuevo curso, y queremos extender una c\u00e1lida bienvenida a nuestra &#8230;<\/p>\n","protected":false},"author":2,"featured_media":5043,"comment_status":"closed","ping_status":"closed","sticky":false,"template":"","format":"standard","meta":{"footnotes":""},"categories":[19],"tags":[24],"class_list":["post-5042","post","type-post","status-publish","format-standard","has-post-thumbnail","hentry","category-la-escuela","tag-estepona"],"_links":{"self":[{"href":"https:\/\/www.eoiestepona.org\/web\/wp-json\/wp\/v2\/posts\/5042","targetHints":{"allow":["GET"]}}],"collection":[{"href":"https:\/\/www.eoiestepona.org\/web\/wp-json\/wp\/v2\/posts"}],"about":[{"href":"https:\/\/www.eoiestepona.org\/web\/wp-json\/wp\/v2\/types\/post"}],"author":[{"embeddable":true,"href":"https:\/\/www.eoiestepona.org\/web\/wp-json\/wp\/v2\/users\/2"}],"replies":[{"embeddable":true,"href":"https:\/\/www.eoiestepona.org\/web\/wp-json\/wp\/v2\/comments?post=5042"}],"version-history":[{"count":1,"href":"https:\/\/www.eoiestepona.org\/web\/wp-json\/wp\/v2\/posts\/5042\/revisions"}],"predecessor-version":[{"id":5044,"href":"https:\/\/www.eoiestepona.org\/web\/wp-json\/wp\/v2\/posts\/5042\/revisions\/5044"}],"wp:featuredmedia":[{"embeddable":true,"href":"https:\/\/www.eoiestepona.org\/web\/wp-json\/wp\/v2\/media\/5043"}],"wp:attachment":[{"href":"https:\/\/www.eoiestepona.org\/web\/wp-json\/wp\/v2\/media?parent=5042"}],"wp:term":[{"taxonomy":"category","embeddable":true,"href":"https:\/\/www.eoiestepona.org\/web\/wp-json\/wp\/v2\/categories?post=5042"},{"taxonomy":"post_tag","embeddable":true,"href":"https:\/\/www.eoiestepona.org\/web\/wp-json\/wp\/v2\/tags?post=5042"}],"curies":[{"name":"wp","href":"https:\/\/api.w.org\/{rel}","templated":true}]}}