{"id":5081,"date":"2023-11-13T11:05:04","date_gmt":"2023-11-13T10:05:04","guid":{"rendered":"https:\/\/www.eoiestepona.org\/web\/?p=5081"},"modified":"2023-11-13T11:05:04","modified_gmt":"2023-11-13T10:05:04","slug":"la-eoi-estepona-en-giele","status":"publish","type":"post","link":"https:\/\/www.eoiestepona.org\/web\/la-eoi-estepona-en-giele\/","title":{"rendered":"La EOI Estepona en GIELE"},"content":{"rendered":"\n<p>La profesora de la Escuela Oficial de Idiomas (EOI) Estepona, M\u00aa Deseada L\u00f3pez Fern\u00e1ndez, particip\u00f3 en las V Jornadas GIELE celebradas en Girona los d\u00edas 10 y 11 de noviembre. Su participaci\u00f3n en el evento fue una oportunidad para compartir experiencias y enriquecer el conocimiento en la evaluaci\u00f3n de idiomas.<\/p>\n\n\n\n<p>M\u00aa Deseada present\u00f3 junto a Antonio Romero y \u00c1ngel D\u00edaz, profesores de EOI de Andaluc\u00eda, las r\u00fabricas de mediaci\u00f3n por niveles desde una perspectiva te\u00f3rica y pr\u00e1ctica.<\/p>\n\n\n\n<figure class=\"wp-block-gallery has-nested-images columns-default is-cropped wp-block-gallery-1 is-layout-flex wp-block-gallery-is-layout-flex\">\n<figure class=\"wp-block-image size-large\"><img loading=\"lazy\" decoding=\"async\" width=\"1024\" height=\"576\" data-id=\"5082\" src=\"https:\/\/www.eoiestepona.org\/web\/wp-content\/uploads\/2023\/11\/20231113_105156-1024x576.jpg\" alt=\"\" class=\"wp-image-5082\" srcset=\"https:\/\/www.eoiestepona.org\/web\/wp-content\/uploads\/2023\/11\/20231113_105156-1024x576.jpg 1024w, https:\/\/www.eoiestepona.org\/web\/wp-content\/uploads\/2023\/11\/20231113_105156-300x169.jpg 300w, https:\/\/www.eoiestepona.org\/web\/wp-content\/uploads\/2023\/11\/20231113_105156-768x432.jpg 768w, https:\/\/www.eoiestepona.org\/web\/wp-content\/uploads\/2023\/11\/20231113_105156-1536x864.jpg 1536w, https:\/\/www.eoiestepona.org\/web\/wp-content\/uploads\/2023\/11\/20231113_105156.jpg 2040w\" sizes=\"auto, (max-width: 1024px) 100vw, 1024px\" \/><\/figure>\n\n\n\n<figure class=\"wp-block-image size-large\"><img loading=\"lazy\" decoding=\"async\" width=\"1024\" height=\"768\" data-id=\"5083\" src=\"https:\/\/www.eoiestepona.org\/web\/wp-content\/uploads\/2023\/11\/20231113_105253.jpg\" alt=\"\" class=\"wp-image-5083\" srcset=\"https:\/\/www.eoiestepona.org\/web\/wp-content\/uploads\/2023\/11\/20231113_105253.jpg 1024w, https:\/\/www.eoiestepona.org\/web\/wp-content\/uploads\/2023\/11\/20231113_105253-300x225.jpg 300w, https:\/\/www.eoiestepona.org\/web\/wp-content\/uploads\/2023\/11\/20231113_105253-768x576.jpg 768w\" sizes=\"auto, (max-width: 1024px) 100vw, 1024px\" \/><\/figure>\n<\/figure>\n\n\n\n<p>Las jornadas GIELE proporcionaron un espacio valioso para el intercambio de ideas y el establecimiento de conexiones entre profesionales de la ense\u00f1anza de idiomas. <\/p>\n\n\n\n<p>La evaluaci\u00f3n de lenguas experimenta un momento crucial en su desarrollo como disciplina. Los avances tecnol\u00f3gicos han introducido cambios significativos en la concepci\u00f3n y administraci\u00f3n de pruebas, generando tanto progresos notables como desaf\u00edos sustanciales. La irrupci\u00f3n de la inteligencia artificial y el procesamiento del lenguaje natural abre un abanico casi ilimitado de posibilidades y oportunidades para estudiantes, docentes y desarrolladores de evaluaciones ling\u00fc\u00edsticas. Este nuevo horizonte ofrece la promesa de una evaluaci\u00f3n m\u00e1s precisa, din\u00e1mica e inclusiva, transformando la manera en que concebimos y aplicamos las pruebas de competencia ling\u00fc\u00edstica. Aunque conlleva desaf\u00edos, la integraci\u00f3n de estas tecnolog\u00edas augura un futuro emocionante y lleno de potencial para la evaluaci\u00f3n de lenguas.<\/p>\n","protected":false},"excerpt":{"rendered":"<p>La profesora de la Escuela Oficial de Idiomas (EOI) Estepona, M\u00aa Deseada L\u00f3pez Fern\u00e1ndez, particip\u00f3 en las V Jornadas GIELE celebradas en Girona los d\u00edas 10 y 11 de noviembre. &#8230;<\/p>\n","protected":false},"author":2,"featured_media":5082,"comment_status":"closed","ping_status":"closed","sticky":false,"template":"","format":"standard","meta":{"footnotes":""},"categories":[19],"tags":[65,185,24],"class_list":["post-5081","post","type-post","status-publish","format-standard","has-post-thumbnail","hentry","category-la-escuela","tag-eoiestepona","tag-evaluacion","tag-estepona"],"_links":{"self":[{"href":"https:\/\/www.eoiestepona.org\/web\/wp-json\/wp\/v2\/posts\/5081","targetHints":{"allow":["GET"]}}],"collection":[{"href":"https:\/\/www.eoiestepona.org\/web\/wp-json\/wp\/v2\/posts"}],"about":[{"href":"https:\/\/www.eoiestepona.org\/web\/wp-json\/wp\/v2\/types\/post"}],"author":[{"embeddable":true,"href":"https:\/\/www.eoiestepona.org\/web\/wp-json\/wp\/v2\/users\/2"}],"replies":[{"embeddable":true,"href":"https:\/\/www.eoiestepona.org\/web\/wp-json\/wp\/v2\/comments?post=5081"}],"version-history":[{"count":1,"href":"https:\/\/www.eoiestepona.org\/web\/wp-json\/wp\/v2\/posts\/5081\/revisions"}],"predecessor-version":[{"id":5084,"href":"https:\/\/www.eoiestepona.org\/web\/wp-json\/wp\/v2\/posts\/5081\/revisions\/5084"}],"wp:featuredmedia":[{"embeddable":true,"href":"https:\/\/www.eoiestepona.org\/web\/wp-json\/wp\/v2\/media\/5082"}],"wp:attachment":[{"href":"https:\/\/www.eoiestepona.org\/web\/wp-json\/wp\/v2\/media?parent=5081"}],"wp:term":[{"taxonomy":"category","embeddable":true,"href":"https:\/\/www.eoiestepona.org\/web\/wp-json\/wp\/v2\/categories?post=5081"},{"taxonomy":"post_tag","embeddable":true,"href":"https:\/\/www.eoiestepona.org\/web\/wp-json\/wp\/v2\/tags?post=5081"}],"curies":[{"name":"wp","href":"https:\/\/api.w.org\/{rel}","templated":true}]}}