{"id":5166,"date":"2023-12-20T18:41:53","date_gmt":"2023-12-20T17:41:53","guid":{"rendered":"https:\/\/www.eoiestepona.org\/web\/?p=5166"},"modified":"2023-12-20T18:41:53","modified_gmt":"2023-12-20T17:41:53","slug":"eoi-estepona-en-elinet","status":"publish","type":"post","link":"https:\/\/www.eoiestepona.org\/web\/eoi-estepona-en-elinet\/","title":{"rendered":"EOI Estepona en ELINET"},"content":{"rendered":"\n<p>La Jefa del Departamento de Ingl\u00e9s, Ana Flores Ramos, y el auxiliar de conversaci\u00f3n durante el curso 2022-2023, Will Nelson, han sido entrevistados por ELINET, una red internacional que re\u00fane a investigadores y profesionales especializados en la ense\u00f1anza de idiomas y la internacionalizaci\u00f3n. En estas conversaciones, Ana y Will comparten detalles sobre los diversos proyectos en los que la EOI Estepona est\u00e1 involucrada, as\u00ed como otros aspectos relevantes de sus trayectorias profesionales y sus intereses. Para obtener m\u00e1s informaci\u00f3n sobre sus experiencias y perspectivas, te invitamos a leer las entrevistas completas en los siguientes enlaces:<br>&#8211; Auxiliar de conversaci\u00f3n: <a href=\"https:\/\/elinet.org.uk\/resources\/interviews-and-presentations\/language-assistants-program-in-spain\">https:\/\/elinet.org.uk\/resources\/interviews-and-presentations\/language-assistants-program-in-spain<\/a><br>&#8211; Erasmus+: <a href=\"https:\/\/elinet.org.uk\/resources\/interviews-and-presentations\/flow-project-at-eoi-estepona\">https:\/\/elinet.org.uk\/resources\/interviews-and-presentations\/flow-project-at-eoi-estepona<\/a><\/p>\n\n\n\n<figure class=\"wp-block-image size-large\"><img loading=\"lazy\" decoding=\"async\" width=\"1024\" height=\"428\" src=\"https:\/\/www.eoiestepona.org\/web\/wp-content\/uploads\/2023\/12\/elinet-1024x428.jpg\" alt=\"\" class=\"wp-image-5167\" srcset=\"https:\/\/www.eoiestepona.org\/web\/wp-content\/uploads\/2023\/12\/elinet-1024x428.jpg 1024w, https:\/\/www.eoiestepona.org\/web\/wp-content\/uploads\/2023\/12\/elinet-300x125.jpg 300w, https:\/\/www.eoiestepona.org\/web\/wp-content\/uploads\/2023\/12\/elinet-768x321.jpg 768w, https:\/\/www.eoiestepona.org\/web\/wp-content\/uploads\/2023\/12\/elinet.jpg 1297w\" sizes=\"auto, (max-width: 1024px) 100vw, 1024px\" \/><\/figure>\n","protected":false},"excerpt":{"rendered":"<p>La Jefa del Departamento de Ingl\u00e9s, Ana Flores Ramos, y el auxiliar de conversaci\u00f3n durante el curso 2022-2023, Will Nelson, han sido entrevistados por ELINET, una red internacional que re\u00fane &#8230;<\/p>\n","protected":false},"author":2,"featured_media":5167,"comment_status":"closed","ping_status":"closed","sticky":false,"template":"","format":"standard","meta":{"footnotes":""},"categories":[19],"tags":[65,24],"class_list":["post-5166","post","type-post","status-publish","format-standard","has-post-thumbnail","hentry","category-la-escuela","tag-eoiestepona","tag-estepona"],"_links":{"self":[{"href":"https:\/\/www.eoiestepona.org\/web\/wp-json\/wp\/v2\/posts\/5166","targetHints":{"allow":["GET"]}}],"collection":[{"href":"https:\/\/www.eoiestepona.org\/web\/wp-json\/wp\/v2\/posts"}],"about":[{"href":"https:\/\/www.eoiestepona.org\/web\/wp-json\/wp\/v2\/types\/post"}],"author":[{"embeddable":true,"href":"https:\/\/www.eoiestepona.org\/web\/wp-json\/wp\/v2\/users\/2"}],"replies":[{"embeddable":true,"href":"https:\/\/www.eoiestepona.org\/web\/wp-json\/wp\/v2\/comments?post=5166"}],"version-history":[{"count":1,"href":"https:\/\/www.eoiestepona.org\/web\/wp-json\/wp\/v2\/posts\/5166\/revisions"}],"predecessor-version":[{"id":5168,"href":"https:\/\/www.eoiestepona.org\/web\/wp-json\/wp\/v2\/posts\/5166\/revisions\/5168"}],"wp:featuredmedia":[{"embeddable":true,"href":"https:\/\/www.eoiestepona.org\/web\/wp-json\/wp\/v2\/media\/5167"}],"wp:attachment":[{"href":"https:\/\/www.eoiestepona.org\/web\/wp-json\/wp\/v2\/media?parent=5166"}],"wp:term":[{"taxonomy":"category","embeddable":true,"href":"https:\/\/www.eoiestepona.org\/web\/wp-json\/wp\/v2\/categories?post=5166"},{"taxonomy":"post_tag","embeddable":true,"href":"https:\/\/www.eoiestepona.org\/web\/wp-json\/wp\/v2\/tags?post=5166"}],"curies":[{"name":"wp","href":"https:\/\/api.w.org\/{rel}","templated":true}]}}