{"id":5170,"date":"2023-12-20T18:52:28","date_gmt":"2023-12-20T17:52:28","guid":{"rendered":"https:\/\/www.eoiestepona.org\/web\/?p=5170"},"modified":"2023-12-20T18:52:28","modified_gmt":"2023-12-20T17:52:28","slug":"eoi-estepona-en-programa-cima","status":"publish","type":"post","link":"https:\/\/www.eoiestepona.org\/web\/eoi-estepona-en-programa-cima\/","title":{"rendered":"EOI Estepona en Programa CIMA"},"content":{"rendered":"\n<p><img loading=\"lazy\" decoding=\"async\" height=\"16\" width=\"16\" alt=\"\ud83d\ude80\" src=\"https:\/\/static.xx.fbcdn.net\/images\/emoji.php\/v9\/tc6\/1\/16\/1f680.png\"> \u00a1Emocionantes noticias desde la EOI Estepona! <img loading=\"lazy\" decoding=\"async\" height=\"16\" width=\"16\" alt=\"\ud83c\udf0d\" src=\"https:\/\/static.xx.fbcdn.net\/images\/emoji.php\/v9\/t3f\/1\/16\/1f30d.png\"><img loading=\"lazy\" decoding=\"async\" height=\"16\" width=\"16\" alt=\"\u2728\" src=\"https:\/\/static.xx.fbcdn.net\/images\/emoji.php\/v9\/tf4\/1\/16\/2728.png\"><\/p>\n\n\n\n<p>Nos complace compartirles que hemos sido seleccionados como una de las Escuelas Oficiales de Idiomas para formar parte del innovador Programa CIMA en el curso 2023\/2024. <img loading=\"lazy\" decoding=\"async\" height=\"16\" width=\"16\" alt=\"\ud83c\udf89\" src=\"https:\/\/static.xx.fbcdn.net\/images\/emoji.php\/v9\/t8c\/1\/16\/1f389.png\"><\/p>\n\n\n\n<p><img loading=\"lazy\" decoding=\"async\" height=\"16\" width=\"16\" alt=\"\ud83d\udcda\" src=\"https:\/\/static.xx.fbcdn.net\/images\/emoji.php\/v9\/t49\/1\/16\/1f4da.png\"> \u00bfQu\u00e9 es el Programa CIMA?<\/p>\n\n\n\n<p>El <a><\/a>Programa para la Innovaci\u00f3n y Mejora del Aprendizaje (CIMA) es una apasionante iniciativa que impulsa la innovaci\u00f3n y la transformaci\u00f3n educativa. Para nosotros, significa una oportunidad \u00fanica de explorar nuevas metodolog\u00edas, analizar c\u00f3mo aprendemos y ense\u00f1amos, y promover pr\u00e1cticas educativas innovadoras.<\/p>\n\n\n\n<p><img loading=\"lazy\" decoding=\"async\" height=\"16\" width=\"16\" alt=\"\ud83c\udf10\" src=\"https:\/\/static.xx.fbcdn.net\/images\/emoji.php\/v9\/taa\/1\/16\/1f310.png\"> \u00bfC\u00f3mo beneficiar\u00e1 a nuestra comunidad educativa?<\/p>\n\n\n\n<p>CIMA nos brinda herramientas pedag\u00f3gicas para el an\u00e1lisis y la reflexi\u00f3n, permiti\u00e9ndonos integrar metodolog\u00edas innovadoras en nuestra planificaci\u00f3n anual y programaciones did\u00e1cticas. Adem\u00e1s, fomentar\u00e1 el trabajo cooperativo entre nuestro profesorado y dotar\u00e1 a nuestros estudiantes con las habilidades y el conocimiento necesarios para enfrentar un mundo en constante cambio.<\/p>\n\n\n\n<p><img loading=\"lazy\" decoding=\"async\" height=\"16\" width=\"16\" alt=\"\ud83d\udc69\u200d\ud83c\udfeb\" src=\"https:\/\/static.xx.fbcdn.net\/images\/emoji.php\/v9\/t94\/1\/16\/1f469_200d_1f3eb.png\"> Reconocimiento al Profesorado y al Centro<\/p>\n\n\n\n<p>Este programa nos reconoce como un centro innovador y a nuestro profesorado como docentes innovadores, reafirmando nuestro compromiso con la excelencia educativa y el desarrollo integral de nuestros estudiantes.<\/p>\n\n\n\n<p><img loading=\"lazy\" decoding=\"async\" height=\"16\" width=\"16\" src=\"https:\/\/static.xx.fbcdn.net\/images\/emoji.php\/v9\/t64\/1\/16\/1f91d.png\" alt=\"\ud83e\udd1d\"> Estamos emocionados por este nuevo cap\u00edtulo en nuestro viaje educativo y agradecemos a toda nuestra comunidad por su apoyo constante. \u00a1Juntos continuaremos creciendo y aprendiendo! <img loading=\"lazy\" decoding=\"async\" height=\"16\" width=\"16\" src=\"https:\/\/static.xx.fbcdn.net\/images\/emoji.php\/v9\/tc6\/1\/16\/1f680.png\" alt=\"\ud83d\ude80\"><img loading=\"lazy\" decoding=\"async\" height=\"16\" width=\"16\" src=\"https:\/\/static.xx.fbcdn.net\/images\/emoji.php\/v9\/t49\/1\/16\/1f4da.png\" alt=\"\ud83d\udcda\"><\/p>\n\n\n\n<figure class=\"wp-block-image size-large\"><img loading=\"lazy\" decoding=\"async\" width=\"1024\" height=\"554\" src=\"https:\/\/www.eoiestepona.org\/web\/wp-content\/uploads\/2023\/12\/cima-1024x554.jpg\" alt=\"\" class=\"wp-image-5171\" srcset=\"https:\/\/www.eoiestepona.org\/web\/wp-content\/uploads\/2023\/12\/cima-1024x554.jpg 1024w, https:\/\/www.eoiestepona.org\/web\/wp-content\/uploads\/2023\/12\/cima-300x162.jpg 300w, https:\/\/www.eoiestepona.org\/web\/wp-content\/uploads\/2023\/12\/cima-768x416.jpg 768w, https:\/\/www.eoiestepona.org\/web\/wp-content\/uploads\/2023\/12\/cima.jpg 1398w\" sizes=\"auto, (max-width: 1024px) 100vw, 1024px\" \/><\/figure>\n","protected":false},"excerpt":{"rendered":"<p>\u00a1Emocionantes noticias desde la EOI Estepona! Nos complace compartirles que hemos sido seleccionados como una de las Escuelas Oficiales de Idiomas para formar parte del innovador Programa CIMA en el &#8230;<\/p>\n","protected":false},"author":2,"featured_media":5171,"comment_status":"closed","ping_status":"closed","sticky":false,"template":"","format":"standard","meta":{"footnotes":""},"categories":[19],"tags":[193,65,192,190,191],"class_list":["post-5170","post","type-post","status-publish","format-standard","has-post-thumbnail","hentry","category-la-escuela","tag-aprendizajeinnovador","tag-eoiestepona","tag-innovacioneducativa-2","tag-programacima","tag-transformacioneducacional"],"_links":{"self":[{"href":"https:\/\/www.eoiestepona.org\/web\/wp-json\/wp\/v2\/posts\/5170","targetHints":{"allow":["GET"]}}],"collection":[{"href":"https:\/\/www.eoiestepona.org\/web\/wp-json\/wp\/v2\/posts"}],"about":[{"href":"https:\/\/www.eoiestepona.org\/web\/wp-json\/wp\/v2\/types\/post"}],"author":[{"embeddable":true,"href":"https:\/\/www.eoiestepona.org\/web\/wp-json\/wp\/v2\/users\/2"}],"replies":[{"embeddable":true,"href":"https:\/\/www.eoiestepona.org\/web\/wp-json\/wp\/v2\/comments?post=5170"}],"version-history":[{"count":1,"href":"https:\/\/www.eoiestepona.org\/web\/wp-json\/wp\/v2\/posts\/5170\/revisions"}],"predecessor-version":[{"id":5172,"href":"https:\/\/www.eoiestepona.org\/web\/wp-json\/wp\/v2\/posts\/5170\/revisions\/5172"}],"wp:featuredmedia":[{"embeddable":true,"href":"https:\/\/www.eoiestepona.org\/web\/wp-json\/wp\/v2\/media\/5171"}],"wp:attachment":[{"href":"https:\/\/www.eoiestepona.org\/web\/wp-json\/wp\/v2\/media?parent=5170"}],"wp:term":[{"taxonomy":"category","embeddable":true,"href":"https:\/\/www.eoiestepona.org\/web\/wp-json\/wp\/v2\/categories?post=5170"},{"taxonomy":"post_tag","embeddable":true,"href":"https:\/\/www.eoiestepona.org\/web\/wp-json\/wp\/v2\/tags?post=5170"}],"curies":[{"name":"wp","href":"https:\/\/api.w.org\/{rel}","templated":true}]}}