{"id":5178,"date":"2023-12-22T14:48:08","date_gmt":"2023-12-22T13:48:08","guid":{"rendered":"https:\/\/www.eoiestepona.org\/web\/?p=5178"},"modified":"2023-12-22T14:49:52","modified_gmt":"2023-12-22T13:49:52","slug":"felices-fiestas-2","status":"publish","type":"post","link":"https:\/\/www.eoiestepona.org\/web\/felices-fiestas-2\/","title":{"rendered":"Felices Fiestas"},"content":{"rendered":"\n<p>\ud83c\udf84\u2728 \u00a1Celebraci\u00f3n Navide\u00f1a en la EOI Estepona! \u2728\ud83c\udf84<\/p>\n\n\n\n<p>\u00a1Esta semana ha sido todo un fest\u00edn de alegr\u00eda y esp\u00edritu navide\u00f1o en nuestra querida Escuela Oficial de Idiomas! \ud83c\udf89\ud83c\udf85<\/p>\n\n\n\n<p>Todo el alumnado se uni\u00f3 a la diversi\u00f3n luciendo sus jerseys navide\u00f1os m\u00e1s festivos y coloridos. \u00a1Fue un desfile de creatividad y buen humor que llen\u00f3 nuestros pasillos de alegr\u00eda! \ud83c\udf1f<\/p>\n\n\n\n<p>Entre risas, villancicos y momentos especiales, queremos felicitar a todos los participantes por hacer de esta semana una experiencia memorable. \ud83e\udd17 Pero, \u00a1hay una estrella que brill\u00f3 con luz propia! \u2728<\/p>\n\n\n\n<p>La ganadora indiscutible de nuestra Semana de Jerseys Navide\u00f1os es Dely Fern\u00e1ndez de B1.C. \ud83c\udfc6 \u00a1Felicidades, Dely! Tu creatividad y entusiasmo han dejado a todos sin palabras. \u00a1Eres toda una inspiraci\u00f3n para la comunidad de la EOI Estepona!<\/p>\n\n\n\n<p>Desde el equipo de la EOI Estepona, queremos agradecer a cada uno de ustedes por hacer de nuestra escuela un lugar lleno de energ\u00eda positiva. \ud83c\udf08 Que estas fiestas est\u00e9n llenas de amor, paz y momentos inolvidables junto a sus seres queridos.<\/p>\n\n\n\n<p>\u00a1Os deseamos a todos unas Felices Fiestas y un pr\u00f3spero A\u00f1o Nuevo! \ud83c\udf81\ud83c\udf8a Que el 2024 nos traiga m\u00e1s aprendizaje, \u00e9xitos y momentos compartidos en la EOI Estepona.<\/p>\n\n\n\n<p>\u00a1Hasta el pr\u00f3ximo a\u00f1o, con m\u00e1s idiomas y m\u00e1s aventuras juntos! \ud83c\udf0d\ud83d\udcda <\/p>\n\n\n\n<figure class=\"wp-block-video\"><video height=\"720\" style=\"aspect-ratio: 1280 \/ 720;\" width=\"1280\" controls src=\"https:\/\/www.eoiestepona.org\/web\/wp-content\/uploads\/2023\/12\/Navidad_jer.mp4\"><\/video><\/figure>\n","protected":false},"excerpt":{"rendered":"<p>\ud83c\udf84\u2728 \u00a1Celebraci\u00f3n Navide\u00f1a en la EOI Estepona! \u2728\ud83c\udf84 \u00a1Esta semana ha sido todo un fest\u00edn de alegr\u00eda y esp\u00edritu navide\u00f1o en nuestra querida Escuela Oficial de Idiomas! \ud83c\udf89\ud83c\udf85 Todo el &#8230;<\/p>\n","protected":false},"author":2,"featured_media":5140,"comment_status":"closed","ping_status":"closed","sticky":false,"template":"","format":"standard","meta":{"footnotes":""},"categories":[19],"tags":[194],"class_list":["post-5178","post","type-post","status-publish","format-standard","has-post-thumbnail","hentry","category-la-escuela","tag-eoiestepona-fiestasnavidenas-jerseysnavidenos-comunidadeoi"],"_links":{"self":[{"href":"https:\/\/www.eoiestepona.org\/web\/wp-json\/wp\/v2\/posts\/5178","targetHints":{"allow":["GET"]}}],"collection":[{"href":"https:\/\/www.eoiestepona.org\/web\/wp-json\/wp\/v2\/posts"}],"about":[{"href":"https:\/\/www.eoiestepona.org\/web\/wp-json\/wp\/v2\/types\/post"}],"author":[{"embeddable":true,"href":"https:\/\/www.eoiestepona.org\/web\/wp-json\/wp\/v2\/users\/2"}],"replies":[{"embeddable":true,"href":"https:\/\/www.eoiestepona.org\/web\/wp-json\/wp\/v2\/comments?post=5178"}],"version-history":[{"count":1,"href":"https:\/\/www.eoiestepona.org\/web\/wp-json\/wp\/v2\/posts\/5178\/revisions"}],"predecessor-version":[{"id":5180,"href":"https:\/\/www.eoiestepona.org\/web\/wp-json\/wp\/v2\/posts\/5178\/revisions\/5180"}],"wp:featuredmedia":[{"embeddable":true,"href":"https:\/\/www.eoiestepona.org\/web\/wp-json\/wp\/v2\/media\/5140"}],"wp:attachment":[{"href":"https:\/\/www.eoiestepona.org\/web\/wp-json\/wp\/v2\/media?parent=5178"}],"wp:term":[{"taxonomy":"category","embeddable":true,"href":"https:\/\/www.eoiestepona.org\/web\/wp-json\/wp\/v2\/categories?post=5178"},{"taxonomy":"post_tag","embeddable":true,"href":"https:\/\/www.eoiestepona.org\/web\/wp-json\/wp\/v2\/tags?post=5178"}],"curies":[{"name":"wp","href":"https:\/\/api.w.org\/{rel}","templated":true}]}}