{"id":5198,"date":"2024-01-24T17:24:19","date_gmt":"2024-01-24T16:24:19","guid":{"rendered":"https:\/\/www.eoiestepona.org\/web\/?p=5198"},"modified":"2024-01-24T17:24:19","modified_gmt":"2024-01-24T16:24:19","slug":"profesores-de-la-eoi-estepona-exploran-los-desastres-de-la-guerra-de-f-goya","status":"publish","type":"post","link":"https:\/\/www.eoiestepona.org\/web\/profesores-de-la-eoi-estepona-exploran-los-desastres-de-la-guerra-de-f-goya\/","title":{"rendered":"Profesores de la EOI Estepona exploran \u00abLos Desastres de la Guerra\u00bb de F. Goya"},"content":{"rendered":"\n<p><strong>Excursi\u00f3n Cultural: Profesores de la EOI Estepona Exploran \u00abLos Desastres de la Guerra\u00bb de F. Goya<\/strong><\/p>\n\n\n\n<p>En preparaci\u00f3n para las pr\u00f3ximas visitas de nuestros estudiantes a la exposici\u00f3n \u00abLos Desastres de la Guerra\u00bb de Francisco Goya, nuestros dedicados profesores han realizado una visita especial al centro expositivo del Mirador del Carmen.<\/p>\n\n\n\n<p>Este recorrido fue una experiencia enriquecedora para nuestros educadores, quienes tuvieron la oportunidad de sumergirse en el impactante mundo de Goya y su poderosa representaci\u00f3n art\u00edstica de los horrores de la guerra.<\/p>\n\n\n<div class=\"wp-block-image\">\n<figure class=\"alignright size-large is-resized\"><img loading=\"lazy\" decoding=\"async\" width=\"1024\" height=\"1024\" src=\"https:\/\/www.eoiestepona.org\/web\/wp-content\/uploads\/2024\/01\/20240124_162806-1024x1024.jpg\" alt=\"\" class=\"wp-image-5199\" style=\"width:505px;height:auto\" srcset=\"https:\/\/www.eoiestepona.org\/web\/wp-content\/uploads\/2024\/01\/20240124_162806-1024x1024.jpg 1024w, https:\/\/www.eoiestepona.org\/web\/wp-content\/uploads\/2024\/01\/20240124_162806-300x300.jpg 300w, https:\/\/www.eoiestepona.org\/web\/wp-content\/uploads\/2024\/01\/20240124_162806-150x150.jpg 150w, https:\/\/www.eoiestepona.org\/web\/wp-content\/uploads\/2024\/01\/20240124_162806-768x768.jpg 768w, https:\/\/www.eoiestepona.org\/web\/wp-content\/uploads\/2024\/01\/20240124_162806-1536x1536.jpg 1536w, https:\/\/www.eoiestepona.org\/web\/wp-content\/uploads\/2024\/01\/20240124_162806-2048x2048.jpg 2048w\" sizes=\"auto, (max-width: 1024px) 100vw, 1024px\" \/><\/figure>\n<\/div>\n\n\n<p><strong>Preparativos Intensivos:<\/strong><\/p>\n\n\n\n<p>Como parte de los preparativos para recibir a nuestros estudiantes, la EOI Estepona ha desarrollado seis unidades did\u00e1cticas, tres en ingl\u00e9s y tres en franc\u00e9s, adaptadas a diferentes niveles de idiomas. Estas unidades est\u00e1n dise\u00f1adas para guiar a nuestros alumnos a trav\u00e9s de un viaje educativo que les permitir\u00e1 descubrir no solo la obra del renombrado pintor, sino tambi\u00e9n la complejidad de los temas que aborda en su colecci\u00f3n \u00abLos Desastres de la Guerra\u00bb.<\/p>\n\n\n\n<p><strong>Explorando la Colecci\u00f3n:<\/strong><\/p>\n\n\n\n<p>Las unidades did\u00e1cticas no solo se centran en la comprensi\u00f3n de la obra art\u00edstica, sino tambi\u00e9n en el contexto hist\u00f3rico y cultural que rodea a estas impactantes representaciones. Este enfoque integral busca enriquecer la experiencia de aprendizaje de nuestros estudiantes, permiti\u00e9ndoles conectarse de manera m\u00e1s profunda con la obra de Goya.<\/p>\n\n\n\n<p><strong>Enfoque Multiling\u00fce:<\/strong><\/p>\n\n\n\n<p>Reconociendo la diversidad ling\u00fc\u00edstica de nuestra comunidad educativa, hemos desarrollado unidades did\u00e1cticas tanto en ingl\u00e9s como en franc\u00e9s. Esto garantiza que los estudiantes puedan explorar la obra de Goya en su lengua materna o en el idioma extranjero que est\u00e1n aprendiendo, promoviendo as\u00ed el desarrollo de habilidades ling\u00fc\u00edsticas en un contexto cultural y art\u00edstico.<\/p>\n\n\n\n<p>En la EOI Estepona, estamos comprometidos con brindar experiencias educativas significativas y enriquecedoras. Estamos ansiosos por llevar a nuestros estudiantes a este fascinante viaje a trav\u00e9s de \u00abLos Desastres de la Guerra\u00bb de F. Goya, y creemos que estas preparaciones detalladas contribuir\u00e1n a hacer de esta visita una experiencia educativa inolvidable.<\/p>\n\n\n\n<p>\u00a1Est\u00e9n atentos para m\u00e1s actualizaciones y detalles sobre esta emocionante aventura cultural!<\/p>\n\n\n\n<p><\/p>\n","protected":false},"excerpt":{"rendered":"<p>Excursi\u00f3n Cultural: Profesores de la EOI Estepona Exploran \u00abLos Desastres de la Guerra\u00bb de F. Goya En preparaci\u00f3n para las pr\u00f3ximas visitas de nuestros estudiantes a la exposici\u00f3n \u00abLos Desastres &#8230;<\/p>\n","protected":false},"author":2,"featured_media":5199,"comment_status":"closed","ping_status":"closed","sticky":false,"template":"","format":"standard","meta":{"footnotes":""},"categories":[19],"tags":[65,197,24],"class_list":["post-5198","post","type-post","status-publish","format-standard","has-post-thumbnail","hentry","category-la-escuela","tag-eoiestepona","tag-goya","tag-estepona"],"_links":{"self":[{"href":"https:\/\/www.eoiestepona.org\/web\/wp-json\/wp\/v2\/posts\/5198","targetHints":{"allow":["GET"]}}],"collection":[{"href":"https:\/\/www.eoiestepona.org\/web\/wp-json\/wp\/v2\/posts"}],"about":[{"href":"https:\/\/www.eoiestepona.org\/web\/wp-json\/wp\/v2\/types\/post"}],"author":[{"embeddable":true,"href":"https:\/\/www.eoiestepona.org\/web\/wp-json\/wp\/v2\/users\/2"}],"replies":[{"embeddable":true,"href":"https:\/\/www.eoiestepona.org\/web\/wp-json\/wp\/v2\/comments?post=5198"}],"version-history":[{"count":1,"href":"https:\/\/www.eoiestepona.org\/web\/wp-json\/wp\/v2\/posts\/5198\/revisions"}],"predecessor-version":[{"id":5200,"href":"https:\/\/www.eoiestepona.org\/web\/wp-json\/wp\/v2\/posts\/5198\/revisions\/5200"}],"wp:featuredmedia":[{"embeddable":true,"href":"https:\/\/www.eoiestepona.org\/web\/wp-json\/wp\/v2\/media\/5199"}],"wp:attachment":[{"href":"https:\/\/www.eoiestepona.org\/web\/wp-json\/wp\/v2\/media?parent=5198"}],"wp:term":[{"taxonomy":"category","embeddable":true,"href":"https:\/\/www.eoiestepona.org\/web\/wp-json\/wp\/v2\/categories?post=5198"},{"taxonomy":"post_tag","embeddable":true,"href":"https:\/\/www.eoiestepona.org\/web\/wp-json\/wp\/v2\/tags?post=5198"}],"curies":[{"name":"wp","href":"https:\/\/api.w.org\/{rel}","templated":true}]}}