{"id":5833,"date":"2024-11-15T17:31:47","date_gmt":"2024-11-15T16:31:47","guid":{"rendered":"https:\/\/www.eoiestepona.org\/web\/?p=5833"},"modified":"2024-11-18T17:45:00","modified_gmt":"2024-11-18T16:45:00","slug":"%f0%9f%93%a2-reunion-erasmus-para-un-nuevo-proyecto-ka220-%f0%9f%8c%8d","status":"publish","type":"post","link":"https:\/\/www.eoiestepona.org\/web\/%f0%9f%93%a2-reunion-erasmus-para-un-nuevo-proyecto-ka220-%f0%9f%8c%8d\/","title":{"rendered":"\ud83d\udce2 Reuni\u00f3n Erasmus+ para un nuevo proyecto KA220 \ud83c\udf0d"},"content":{"rendered":"\n<p>Hoy, en la&nbsp;<strong>EOI Estepona<\/strong>, hemos dado un paso importante en nuestra colaboraci\u00f3n internacional. La&nbsp;<strong>coordinadora Erasmus+<\/strong>&nbsp;y el&nbsp;<strong>director del centro<\/strong>&nbsp;se han reunido de manera online con representantes de la&nbsp;<strong>Stichting Turks Onderwijs Centrum<\/strong>&nbsp;y otros centros europeos con el objetivo de desarrollar un emocionante proyecto&nbsp;<strong>KA220<\/strong>.<\/p>\n\n\n\n<p>Este proyecto estar\u00e1 enfocado en la ense\u00f1anza de idiomas, la&nbsp;<strong>educaci\u00f3n especial<\/strong>&nbsp;y el aprendizaje para estudiantes con&nbsp;<strong>retrasos en el desarrollo<\/strong>. La iniciativa est\u00e1 dirigida a la pr\u00f3xima convocatoria de&nbsp;<strong>Erasmus+ en febrero de 2025<\/strong>.<\/p>\n\n\n\n<p>En la EOI Estepona seguimos comprometidos con la innovaci\u00f3n educativa y el intercambio cultural para construir una educaci\u00f3n m\u00e1s inclusiva y de calidad. \u00a1Seguiremos informando sobre los avances de esta propuesta!<\/p>\n\n\n\n<figure class=\"wp-block-image size-large\"><img loading=\"lazy\" decoding=\"async\" width=\"1024\" height=\"1024\" src=\"https:\/\/www.eoiestepona.org\/web\/wp-content\/uploads\/2024\/11\/noticia-1024x1024.jpg\" alt=\"\" class=\"wp-image-5834\" srcset=\"https:\/\/www.eoiestepona.org\/web\/wp-content\/uploads\/2024\/11\/noticia-1024x1024.jpg 1024w, https:\/\/www.eoiestepona.org\/web\/wp-content\/uploads\/2024\/11\/noticia-300x300.jpg 300w, https:\/\/www.eoiestepona.org\/web\/wp-content\/uploads\/2024\/11\/noticia-150x150.jpg 150w, https:\/\/www.eoiestepona.org\/web\/wp-content\/uploads\/2024\/11\/noticia-768x768.jpg 768w, https:\/\/www.eoiestepona.org\/web\/wp-content\/uploads\/2024\/11\/noticia.jpg 1080w\" sizes=\"auto, (max-width: 1024px) 100vw, 1024px\" \/><\/figure>\n","protected":false},"excerpt":{"rendered":"<p>Hoy, en la&nbsp;EOI Estepona, hemos dado un paso importante en nuestra colaboraci\u00f3n internacional. La&nbsp;coordinadora Erasmus+&nbsp;y el&nbsp;director del centro&nbsp;se han reunido de manera online con representantes de la&nbsp;Stichting Turks Onderwijs Centrum&nbsp;y &#8230;<\/p>\n","protected":false},"author":2,"featured_media":5834,"comment_status":"closed","ping_status":"closed","sticky":false,"template":"","format":"standard","meta":{"footnotes":""},"categories":[40],"tags":[65,110,261,260],"class_list":["post-5833","post","type-post","status-publish","format-standard","has-post-thumbnail","hentry","category-erasmus","tag-eoiestepona","tag-erasmusplus","tag-ka220","tag-nuevoproyecto"],"_links":{"self":[{"href":"https:\/\/www.eoiestepona.org\/web\/wp-json\/wp\/v2\/posts\/5833","targetHints":{"allow":["GET"]}}],"collection":[{"href":"https:\/\/www.eoiestepona.org\/web\/wp-json\/wp\/v2\/posts"}],"about":[{"href":"https:\/\/www.eoiestepona.org\/web\/wp-json\/wp\/v2\/types\/post"}],"author":[{"embeddable":true,"href":"https:\/\/www.eoiestepona.org\/web\/wp-json\/wp\/v2\/users\/2"}],"replies":[{"embeddable":true,"href":"https:\/\/www.eoiestepona.org\/web\/wp-json\/wp\/v2\/comments?post=5833"}],"version-history":[{"count":1,"href":"https:\/\/www.eoiestepona.org\/web\/wp-json\/wp\/v2\/posts\/5833\/revisions"}],"predecessor-version":[{"id":5835,"href":"https:\/\/www.eoiestepona.org\/web\/wp-json\/wp\/v2\/posts\/5833\/revisions\/5835"}],"wp:featuredmedia":[{"embeddable":true,"href":"https:\/\/www.eoiestepona.org\/web\/wp-json\/wp\/v2\/media\/5834"}],"wp:attachment":[{"href":"https:\/\/www.eoiestepona.org\/web\/wp-json\/wp\/v2\/media?parent=5833"}],"wp:term":[{"taxonomy":"category","embeddable":true,"href":"https:\/\/www.eoiestepona.org\/web\/wp-json\/wp\/v2\/categories?post=5833"},{"taxonomy":"post_tag","embeddable":true,"href":"https:\/\/www.eoiestepona.org\/web\/wp-json\/wp\/v2\/tags?post=5833"}],"curies":[{"name":"wp","href":"https:\/\/api.w.org\/{rel}","templated":true}]}}