{"id":5902,"date":"2024-12-13T13:06:22","date_gmt":"2024-12-13T12:06:22","guid":{"rendered":"https:\/\/www.eoiestepona.org\/web\/?p=5902"},"modified":"2024-12-13T13:06:50","modified_gmt":"2024-12-13T12:06:50","slug":"%f0%9f%8e%84%e2%9c%a8-ya-tenemos-tarjeta-de-navidad-ganadora-%e2%9c%a8%f0%9f%8e%84","status":"publish","type":"post","link":"https:\/\/www.eoiestepona.org\/web\/%f0%9f%8e%84%e2%9c%a8-ya-tenemos-tarjeta-de-navidad-ganadora-%e2%9c%a8%f0%9f%8e%84\/","title":{"rendered":"\ud83c\udf84\u2728 \u00a1Ya tenemos tarjeta de Navidad ganadora! \u2728\ud83c\udf84"},"content":{"rendered":"\n<p>Nos complace anunciar que ya contamos con la tarjeta de felicitaci\u00f3n navide\u00f1a que representar\u00e1 a la EOI Estepona este a\u00f1o. \u00a1Enhorabuena a <strong>Ana Isabel Hormigo Hevilla<\/strong>, la creadora de esta maravillosa obra! \ud83c\udfc6\ud83c\udfa8<\/p>\n\n\n\n<p>Esta tarjeta nos servir\u00e1 para felicitar las fiestas a todo nuestro alumnado, escuelas amigas y dem\u00e1s personas cercanas a nuestra comunidad.<\/p>\n\n\n\n<p>\ud83d\udc8c <strong>Gracias a todos por participar<\/strong> y por aportar vuestro talento y creatividad. Nos hab\u00e9is dejado impresionados con el nivel art\u00edstico de vuestras propuestas.<\/p>\n\n\n\n<p>\u00a1Felices fiestas y pr\u00f3spero A\u00f1o Nuevo de parte de toda la familia de la EOI Estepona! \ud83c\udf85\ud83c\udf81\ud83c\udf84<\/p>\n\n\n\n<figure class=\"wp-block-image size-large\"><img loading=\"lazy\" decoding=\"async\" width=\"726\" height=\"1024\" src=\"https:\/\/www.eoiestepona.org\/web\/wp-content\/uploads\/2024\/12\/tarjeta2024-726x1024.jpg\" alt=\"\" class=\"wp-image-5903\" srcset=\"https:\/\/www.eoiestepona.org\/web\/wp-content\/uploads\/2024\/12\/tarjeta2024-726x1024.jpg 726w, https:\/\/www.eoiestepona.org\/web\/wp-content\/uploads\/2024\/12\/tarjeta2024-213x300.jpg 213w, https:\/\/www.eoiestepona.org\/web\/wp-content\/uploads\/2024\/12\/tarjeta2024-768x1083.jpg 768w, https:\/\/www.eoiestepona.org\/web\/wp-content\/uploads\/2024\/12\/tarjeta2024-1090x1536.jpg 1090w, https:\/\/www.eoiestepona.org\/web\/wp-content\/uploads\/2024\/12\/tarjeta2024.jpg 1240w\" sizes=\"auto, (max-width: 726px) 100vw, 726px\" \/><\/figure>\n","protected":false},"excerpt":{"rendered":"<p>Nos complace anunciar que ya contamos con la tarjeta de felicitaci\u00f3n navide\u00f1a que representar\u00e1 a la EOI Estepona este a\u00f1o. \u00a1Enhorabuena a Ana Isabel Hormigo Hevilla, la creadora de esta &#8230;<\/p>\n","protected":false},"author":2,"featured_media":5903,"comment_status":"closed","ping_status":"closed","sticky":false,"template":"","format":"standard","meta":{"footnotes":""},"categories":[19],"tags":[],"class_list":["post-5902","post","type-post","status-publish","format-standard","has-post-thumbnail","hentry","category-la-escuela"],"_links":{"self":[{"href":"https:\/\/www.eoiestepona.org\/web\/wp-json\/wp\/v2\/posts\/5902","targetHints":{"allow":["GET"]}}],"collection":[{"href":"https:\/\/www.eoiestepona.org\/web\/wp-json\/wp\/v2\/posts"}],"about":[{"href":"https:\/\/www.eoiestepona.org\/web\/wp-json\/wp\/v2\/types\/post"}],"author":[{"embeddable":true,"href":"https:\/\/www.eoiestepona.org\/web\/wp-json\/wp\/v2\/users\/2"}],"replies":[{"embeddable":true,"href":"https:\/\/www.eoiestepona.org\/web\/wp-json\/wp\/v2\/comments?post=5902"}],"version-history":[{"count":1,"href":"https:\/\/www.eoiestepona.org\/web\/wp-json\/wp\/v2\/posts\/5902\/revisions"}],"predecessor-version":[{"id":5904,"href":"https:\/\/www.eoiestepona.org\/web\/wp-json\/wp\/v2\/posts\/5902\/revisions\/5904"}],"wp:featuredmedia":[{"embeddable":true,"href":"https:\/\/www.eoiestepona.org\/web\/wp-json\/wp\/v2\/media\/5903"}],"wp:attachment":[{"href":"https:\/\/www.eoiestepona.org\/web\/wp-json\/wp\/v2\/media?parent=5902"}],"wp:term":[{"taxonomy":"category","embeddable":true,"href":"https:\/\/www.eoiestepona.org\/web\/wp-json\/wp\/v2\/categories?post=5902"},{"taxonomy":"post_tag","embeddable":true,"href":"https:\/\/www.eoiestepona.org\/web\/wp-json\/wp\/v2\/tags?post=5902"}],"curies":[{"name":"wp","href":"https:\/\/api.w.org\/{rel}","templated":true}]}}