{"id":5941,"date":"2025-01-14T09:38:19","date_gmt":"2025-01-14T08:38:19","guid":{"rendered":"https:\/\/www.eoiestepona.org\/web\/?p=5941"},"modified":"2025-01-14T09:38:20","modified_gmt":"2025-01-14T08:38:20","slug":"%f0%9f%8e%89-por-fin-hemos-podido-entregar-el-premio-del-concurso-navideno-del-jersey-mas-original-%f0%9f%8e%84%f0%9f%8e%81","status":"publish","type":"post","link":"https:\/\/www.eoiestepona.org\/web\/%f0%9f%8e%89-por-fin-hemos-podido-entregar-el-premio-del-concurso-navideno-del-jersey-mas-original-%f0%9f%8e%84%f0%9f%8e%81\/","title":{"rendered":"\ud83c\udf89 \u00a1Por fin hemos podido entregar el premio del concurso navide\u00f1o del jersey m\u00e1s \u00aboriginal\u00bb! \ud83c\udf84\ud83c\udf81"},"content":{"rendered":"\n<figure class=\"wp-block-image size-large\"><img loading=\"lazy\" decoding=\"async\" width=\"1024\" height=\"1024\" src=\"https:\/\/www.eoiestepona.org\/web\/wp-content\/uploads\/2025\/01\/Postal-familiar-navidena-verde-1024x1024.jpg\" alt=\"\" class=\"wp-image-5942\" srcset=\"https:\/\/www.eoiestepona.org\/web\/wp-content\/uploads\/2025\/01\/Postal-familiar-navidena-verde-1024x1024.jpg 1024w, https:\/\/www.eoiestepona.org\/web\/wp-content\/uploads\/2025\/01\/Postal-familiar-navidena-verde-300x300.jpg 300w, https:\/\/www.eoiestepona.org\/web\/wp-content\/uploads\/2025\/01\/Postal-familiar-navidena-verde-150x150.jpg 150w, https:\/\/www.eoiestepona.org\/web\/wp-content\/uploads\/2025\/01\/Postal-familiar-navidena-verde-768x768.jpg 768w, https:\/\/www.eoiestepona.org\/web\/wp-content\/uploads\/2025\/01\/Postal-familiar-navidena-verde.jpg 1080w\" sizes=\"auto, (max-width: 1024px) 100vw, 1024px\" \/><\/figure>\n\n\n\n<p>\ud83d\udc4f Felicidades a nuestra ganadora, Mar\u00eda Jes\u00fas, por su creatividad y estilo \u00fanico. \ud83c\udfc6 Gracias a todos los que participaron y contribuyeron a hacer de este concurso un \u00e9xito lleno de diversi\u00f3n y esp\u00edritu navide\u00f1o.<\/p>\n\n\n\n<p>\ud83d\udcf8 Aqu\u00ed os dejamos una foto del momento especial. \u00a1Hasta el pr\u00f3ximo concurso! \ud83d\ude09<\/p>\n\n\n\n<p><\/p>\n","protected":false},"excerpt":{"rendered":"<p>\ud83d\udc4f Felicidades a nuestra ganadora, Mar\u00eda Jes\u00fas, por su creatividad y estilo \u00fanico. \ud83c\udfc6 Gracias a todos los que participaron y contribuyeron a hacer de este concurso un \u00e9xito lleno &#8230;<\/p>\n","protected":false},"author":2,"featured_media":5942,"comment_status":"closed","ping_status":"closed","sticky":false,"template":"","format":"standard","meta":{"footnotes":""},"categories":[19],"tags":[],"class_list":["post-5941","post","type-post","status-publish","format-standard","has-post-thumbnail","hentry","category-la-escuela"],"_links":{"self":[{"href":"https:\/\/www.eoiestepona.org\/web\/wp-json\/wp\/v2\/posts\/5941","targetHints":{"allow":["GET"]}}],"collection":[{"href":"https:\/\/www.eoiestepona.org\/web\/wp-json\/wp\/v2\/posts"}],"about":[{"href":"https:\/\/www.eoiestepona.org\/web\/wp-json\/wp\/v2\/types\/post"}],"author":[{"embeddable":true,"href":"https:\/\/www.eoiestepona.org\/web\/wp-json\/wp\/v2\/users\/2"}],"replies":[{"embeddable":true,"href":"https:\/\/www.eoiestepona.org\/web\/wp-json\/wp\/v2\/comments?post=5941"}],"version-history":[{"count":1,"href":"https:\/\/www.eoiestepona.org\/web\/wp-json\/wp\/v2\/posts\/5941\/revisions"}],"predecessor-version":[{"id":5943,"href":"https:\/\/www.eoiestepona.org\/web\/wp-json\/wp\/v2\/posts\/5941\/revisions\/5943"}],"wp:featuredmedia":[{"embeddable":true,"href":"https:\/\/www.eoiestepona.org\/web\/wp-json\/wp\/v2\/media\/5942"}],"wp:attachment":[{"href":"https:\/\/www.eoiestepona.org\/web\/wp-json\/wp\/v2\/media?parent=5941"}],"wp:term":[{"taxonomy":"category","embeddable":true,"href":"https:\/\/www.eoiestepona.org\/web\/wp-json\/wp\/v2\/categories?post=5941"},{"taxonomy":"post_tag","embeddable":true,"href":"https:\/\/www.eoiestepona.org\/web\/wp-json\/wp\/v2\/tags?post=5941"}],"curies":[{"name":"wp","href":"https:\/\/api.w.org\/{rel}","templated":true}]}}