{"id":5982,"date":"2025-02-18T19:25:49","date_gmt":"2025-02-18T18:25:49","guid":{"rendered":"https:\/\/www.eoiestepona.org\/web\/?p=5982"},"modified":"2025-02-17T19:28:42","modified_gmt":"2025-02-17T18:28:42","slug":"nueva-movilidad-para-c1","status":"publish","type":"post","link":"https:\/\/www.eoiestepona.org\/web\/nueva-movilidad-para-c1\/","title":{"rendered":"Nueva movilidad para C1"},"content":{"rendered":"\n<p>Desde la EOI Estepona nos complace anunciar que seguimos con las convocatorias para participar en las movilidades en el extranjero dentro de nuestro proyecto acreditado 2024-1-ES01-KA121-ADU-000203934.<\/p>\n\n\n\n<p>Estas movilidades representan una oportunidad \u00fanica para mejorar competencias ling\u00fc\u00edsticas, culturales y profesionales en un entorno internacional. Este a\u00f1o, ofrecemos plazas para las siguientes movilidades:<\/p>\n\n\n\n<p><img decoding=\"async\" alt=\"\ud83d\udd39\" src=\"https:\/\/fonts.gstatic.com\/s\/e\/notoemoji\/16.0\/1f539\/72.png\">&nbsp;<strong>Nueva movilidad a Botevgrad, Bulgaria<\/strong><br>Dirigida al alumnado de nivel&nbsp;<strong>C1 de ingl\u00e9s<\/strong>, esta movilidad se desarrolla en el&nbsp;<strong>\u041f\u041f\u041c\u0413 \u201e\u0410\u043a\u0430\u0434. \u043f\u0440\u043e\u0444. \u0434-\u0440 \u0410\u0441\u0435\u043d \u0417\u043b\u0430\u0442\u0430\u0440\u043e\u0432\u201d (Specialized Secondary School of Natural Sciences and Maths \u00bb Acad. Prof. Dr. Asen Zlatarov\u00bb)<\/strong>, un centro de excelencia en ense\u00f1anza secundaria. Durante la estancia, los participantes tomar\u00e1n parte en actividades ling\u00fc\u00edsticas organizadas por el centro y en sesiones en el centro de idiomas&nbsp;<strong>\u0423\u0447\u0438\u043b\u0438\u0449\u0430 \u0415\u0432\u0440\u043e\u043f\u0430 &#8211; \u041f\u0435\u0440\u043d\u0438\u043a<\/strong>.<\/p>\n\n\n\n<p>Nuestro proyecto Erasmus + cubre el alojamiento, desplazamientos y actividades incluidas en el programa.<\/p>\n\n\n\n<p><img decoding=\"async\" src=\"https:\/\/fonts.gstatic.com\/s\/e\/notoemoji\/16.0\/1f539\/72.png\" alt=\"\ud83d\udd39\">\u00a0<strong>\u00bfC\u00f3mo participar?<\/strong><br>Las convocatorias est\u00e1n abiertas desde hoy. Rellena el cuestionario de movilidad para solicitar tu plaza. Formulario:\u00a0<a href=\"https:\/\/forms.gle\/LyVk5uDCGWJg937D7\">https:\/\/forms.gle\/LyVk5uDCGWJg937D7<\/a><\/p>\n\n\n\n<p><img decoding=\"async\" alt=\"\ud83d\udccc\" src=\"https:\/\/fonts.gstatic.com\/s\/e\/notoemoji\/16.0\/1f4cc\/72.png\">&nbsp;<strong>Recuerda que el plazo es limitado (25 de febrero) y las plazas son restringidas.<\/strong>&nbsp;\u00a1No dejes pasar esta oportunidad de vivir una experiencia internacional y enriquecer tu formaci\u00f3n!<\/p>\n","protected":false},"excerpt":{"rendered":"<p>Desde la EOI Estepona nos complace anunciar que seguimos con las convocatorias para participar en las movilidades en el extranjero dentro de nuestro proyecto acreditado 2024-1-ES01-KA121-ADU-000203934. Estas movilidades representan una &#8230;<\/p>\n","protected":false},"author":2,"featured_media":5983,"comment_status":"closed","ping_status":"closed","sticky":false,"template":"","format":"standard","meta":{"footnotes":""},"categories":[1],"tags":[],"class_list":["post-5982","post","type-post","status-publish","format-standard","has-post-thumbnail","hentry","category-sin-categoria"],"_links":{"self":[{"href":"https:\/\/www.eoiestepona.org\/web\/wp-json\/wp\/v2\/posts\/5982","targetHints":{"allow":["GET"]}}],"collection":[{"href":"https:\/\/www.eoiestepona.org\/web\/wp-json\/wp\/v2\/posts"}],"about":[{"href":"https:\/\/www.eoiestepona.org\/web\/wp-json\/wp\/v2\/types\/post"}],"author":[{"embeddable":true,"href":"https:\/\/www.eoiestepona.org\/web\/wp-json\/wp\/v2\/users\/2"}],"replies":[{"embeddable":true,"href":"https:\/\/www.eoiestepona.org\/web\/wp-json\/wp\/v2\/comments?post=5982"}],"version-history":[{"count":2,"href":"https:\/\/www.eoiestepona.org\/web\/wp-json\/wp\/v2\/posts\/5982\/revisions"}],"predecessor-version":[{"id":5985,"href":"https:\/\/www.eoiestepona.org\/web\/wp-json\/wp\/v2\/posts\/5982\/revisions\/5985"}],"wp:featuredmedia":[{"embeddable":true,"href":"https:\/\/www.eoiestepona.org\/web\/wp-json\/wp\/v2\/media\/5983"}],"wp:attachment":[{"href":"https:\/\/www.eoiestepona.org\/web\/wp-json\/wp\/v2\/media?parent=5982"}],"wp:term":[{"taxonomy":"category","embeddable":true,"href":"https:\/\/www.eoiestepona.org\/web\/wp-json\/wp\/v2\/categories?post=5982"},{"taxonomy":"post_tag","embeddable":true,"href":"https:\/\/www.eoiestepona.org\/web\/wp-json\/wp\/v2\/tags?post=5982"}],"curies":[{"name":"wp","href":"https:\/\/api.w.org\/{rel}","templated":true}]}}