{"id":5990,"date":"2025-03-02T11:37:18","date_gmt":"2025-03-02T10:37:18","guid":{"rendered":"https:\/\/www.eoiestepona.org\/web\/?p=5990"},"modified":"2025-03-02T11:37:18","modified_gmt":"2025-03-02T10:37:18","slug":"%f0%9f%8c%8d%e2%9c%a8-la-eoi-estepona-sigue-apostando-por-la-internacionalizacion-%e2%9c%a8%f0%9f%8c%8d","status":"publish","type":"post","link":"https:\/\/www.eoiestepona.org\/web\/%f0%9f%8c%8d%e2%9c%a8-la-eoi-estepona-sigue-apostando-por-la-internacionalizacion-%e2%9c%a8%f0%9f%8c%8d\/","title":{"rendered":"\ud83c\udf0d\u2728 La EOI Estepona sigue apostando por la internacionalizaci\u00f3n \u2728\ud83c\udf0d"},"content":{"rendered":"\n<p>En esta convocatoria de marzo de 2025, nuestra escuela participa con ilusi\u00f3n en <strong>varios proyectos Erasmus+<\/strong> que esperamos sean admitidos, reforzando as\u00ed nuestro compromiso con la innovaci\u00f3n educativa y el intercambio cultural.<\/p>\n\n\n\n<p>\ud83d\udd39 <strong>Language Learning for Adults: innovative methods and digital tools<\/strong><br>Como socios junto a nuestros compa\u00f1eros de <strong>Bristol School (Hungr\u00eda)<\/strong>, trabajaremos en nuevas metodolog\u00edas y herramientas digitales para la ense\u00f1anza de idiomas a personas adultas. Adem\u00e1s, la participaci\u00f3n de un centro irland\u00e9s aportar\u00e1 una valiosa perspectiva al intercambio de buenas pr\u00e1cticas entre los pa\u00edses.<\/p>\n\n\n\n<p>\ud83d\udd39 <strong>Proyecto KA220 sobre ense\u00f1anza de idiomas a personas adultas con discapacidades<\/strong><br>En este caso, formamos parte como socios bajo la coordinaci\u00f3n de <strong>Stichting Turks Onderwijs Centrum (Pa\u00edses Bajos)<\/strong>, con el objetivo de mejorar la inclusi\u00f3n y accesibilidad en el aprendizaje de idiomas.<\/p>\n\n\n\n<p>\ud83d\udd39 <strong>Parlons 2030<\/strong><br>Desde la EOI Estepona, adem\u00e1s, lideramos este proyecto franc\u00f3fono junto a <strong>Alliance Fran\u00e7aise de Osijek (Croacia)<\/strong> y <strong>\u017dil Vern de Novi Sad (Serbia)<\/strong> para desarrollar unidades did\u00e1cticas sobre los <strong>Objetivos de Desarrollo Sostenible (ODS)<\/strong>, favoreciendo la conciencia social a trav\u00e9s del aprendizaje del franc\u00e9s.<\/p>\n\n\n\n<p>\ud83e\udd1d Estamos deseando poder llevar adelante estos proyectos y seguir sumando experiencias enriquecedoras para nuestro alumnado y profesorado.<\/p>\n","protected":false},"excerpt":{"rendered":"<p>En esta convocatoria de marzo de 2025, nuestra escuela participa con ilusi\u00f3n en varios proyectos Erasmus+ que esperamos sean admitidos, reforzando as\u00ed nuestro compromiso con la innovaci\u00f3n educativa y el &#8230;<\/p>\n","protected":false},"author":2,"featured_media":5513,"comment_status":"closed","ping_status":"closed","sticky":false,"template":"","format":"standard","meta":{"footnotes":""},"categories":[40,19],"tags":[295],"class_list":["post-5990","post","type-post","status-publish","format-standard","has-post-thumbnail","hentry","category-erasmus","category-la-escuela","tag-eoiestepona-erasmusplus-internacionalizacion-innovacioneducativa-ods-inclusion-aprendizajedeidiomas-erasmuseoi"],"_links":{"self":[{"href":"https:\/\/www.eoiestepona.org\/web\/wp-json\/wp\/v2\/posts\/5990","targetHints":{"allow":["GET"]}}],"collection":[{"href":"https:\/\/www.eoiestepona.org\/web\/wp-json\/wp\/v2\/posts"}],"about":[{"href":"https:\/\/www.eoiestepona.org\/web\/wp-json\/wp\/v2\/types\/post"}],"author":[{"embeddable":true,"href":"https:\/\/www.eoiestepona.org\/web\/wp-json\/wp\/v2\/users\/2"}],"replies":[{"embeddable":true,"href":"https:\/\/www.eoiestepona.org\/web\/wp-json\/wp\/v2\/comments?post=5990"}],"version-history":[{"count":1,"href":"https:\/\/www.eoiestepona.org\/web\/wp-json\/wp\/v2\/posts\/5990\/revisions"}],"predecessor-version":[{"id":5991,"href":"https:\/\/www.eoiestepona.org\/web\/wp-json\/wp\/v2\/posts\/5990\/revisions\/5991"}],"wp:featuredmedia":[{"embeddable":true,"href":"https:\/\/www.eoiestepona.org\/web\/wp-json\/wp\/v2\/media\/5513"}],"wp:attachment":[{"href":"https:\/\/www.eoiestepona.org\/web\/wp-json\/wp\/v2\/media?parent=5990"}],"wp:term":[{"taxonomy":"category","embeddable":true,"href":"https:\/\/www.eoiestepona.org\/web\/wp-json\/wp\/v2\/categories?post=5990"},{"taxonomy":"post_tag","embeddable":true,"href":"https:\/\/www.eoiestepona.org\/web\/wp-json\/wp\/v2\/tags?post=5990"}],"curies":[{"name":"wp","href":"https:\/\/api.w.org\/{rel}","templated":true}]}}