{"id":6042,"date":"2025-03-21T21:19:00","date_gmt":"2025-03-21T20:19:00","guid":{"rendered":"https:\/\/www.eoiestepona.org\/web\/?p=6042"},"modified":"2025-03-22T10:59:51","modified_gmt":"2025-03-22T09:59:51","slug":"%f0%9f%93%a2%e2%9c%a8-finalizamos-una-semana-inolvidable-en-evora-%e2%9c%a8%f0%9f%93%a2","status":"publish","type":"post","link":"https:\/\/www.eoiestepona.org\/web\/%f0%9f%93%a2%e2%9c%a8-finalizamos-una-semana-inolvidable-en-evora-%e2%9c%a8%f0%9f%93%a2\/","title":{"rendered":"\ud83d\udce2\u2728 \u00a1Finalizamos una semana inolvidable en \u00c9vora! \u2728\ud83d\udce2"},"content":{"rendered":"\n<p>Dentro de nuestro proyecto acreditado <strong>2024-1-ES01-KA121-ADU-000203934<\/strong>, nuestras alumnas <strong>Lola, Ana, Marta, Nadiezda e Inma<\/strong> han vivido una experiencia Erasmus+ \u00fanica en la <strong>Universidade S\u00e9nior de \u00c9vora<\/strong>.<\/p>\n\n\n\n<p>Durante estos d\u00edas, han compartido aprendizajes, actividades y momentos inolvidables con los estudiantes del centro anfitri\u00f3n, sumergi\u00e9ndose en un intercambio educativo e intergeneracional que ha enriquecido a todos. \ud83d\udcd6\ud83e\udd1d\ud83c\udf1f<\/p>\n\n\n\n<p>Adem\u00e1s, han explorado la riqueza cultural e hist\u00f3rica de \u00c9vora, una ciudad llena de patrimonio y encanto. \ud83c\udfdb\ufe0f\u2728<\/p>\n\n\n\n<p>\u00a1Gracias a nuestros socios portugueses por la c\u00e1lida acogida y a nuestras participantes por aprovechar al m\u00e1ximo esta aventura de aprendizaje! \ud83d\udc99\ud83c\udf0d<\/p>\n\n\n\n<figure class=\"wp-block-image size-large\"><img loading=\"lazy\" decoding=\"async\" width=\"1024\" height=\"768\" src=\"http:\/\/www.eoiestepona.org\/web\/wp-content\/uploads\/2025\/03\/WhatsApp-Image-2025-03-18-at-16.09.32-1024x768.jpeg\" alt=\"\" class=\"wp-image-6043\" srcset=\"https:\/\/www.eoiestepona.org\/web\/wp-content\/uploads\/2025\/03\/WhatsApp-Image-2025-03-18-at-16.09.32-1024x768.jpeg 1024w, https:\/\/www.eoiestepona.org\/web\/wp-content\/uploads\/2025\/03\/WhatsApp-Image-2025-03-18-at-16.09.32-300x225.jpeg 300w, https:\/\/www.eoiestepona.org\/web\/wp-content\/uploads\/2025\/03\/WhatsApp-Image-2025-03-18-at-16.09.32-768x576.jpeg 768w, https:\/\/www.eoiestepona.org\/web\/wp-content\/uploads\/2025\/03\/WhatsApp-Image-2025-03-18-at-16.09.32-1536x1152.jpeg 1536w, https:\/\/www.eoiestepona.org\/web\/wp-content\/uploads\/2025\/03\/WhatsApp-Image-2025-03-18-at-16.09.32.jpeg 2040w\" sizes=\"auto, (max-width: 1024px) 100vw, 1024px\" \/><\/figure>\n","protected":false},"excerpt":{"rendered":"<p>Dentro de nuestro proyecto acreditado 2024-1-ES01-KA121-ADU-000203934, nuestras alumnas Lola, Ana, Marta, Nadiezda e Inma han vivido una experiencia Erasmus+ \u00fanica en la Universidade S\u00e9nior de \u00c9vora. Durante estos d\u00edas, han &#8230;<\/p>\n","protected":false},"author":2,"featured_media":6043,"comment_status":"closed","ping_status":"closed","sticky":false,"template":"","format":"standard","meta":{"footnotes":""},"categories":[40,20,19],"tags":[300],"class_list":["post-6042","post","type-post","status-publish","format-standard","has-post-thumbnail","hentry","category-erasmus","category-ingles","category-la-escuela","tag-eoiestepona-erasmusplus-movilidad-aprendersiempre-evora"],"_links":{"self":[{"href":"https:\/\/www.eoiestepona.org\/web\/wp-json\/wp\/v2\/posts\/6042","targetHints":{"allow":["GET"]}}],"collection":[{"href":"https:\/\/www.eoiestepona.org\/web\/wp-json\/wp\/v2\/posts"}],"about":[{"href":"https:\/\/www.eoiestepona.org\/web\/wp-json\/wp\/v2\/types\/post"}],"author":[{"embeddable":true,"href":"https:\/\/www.eoiestepona.org\/web\/wp-json\/wp\/v2\/users\/2"}],"replies":[{"embeddable":true,"href":"https:\/\/www.eoiestepona.org\/web\/wp-json\/wp\/v2\/comments?post=6042"}],"version-history":[{"count":1,"href":"https:\/\/www.eoiestepona.org\/web\/wp-json\/wp\/v2\/posts\/6042\/revisions"}],"predecessor-version":[{"id":6044,"href":"https:\/\/www.eoiestepona.org\/web\/wp-json\/wp\/v2\/posts\/6042\/revisions\/6044"}],"wp:featuredmedia":[{"embeddable":true,"href":"https:\/\/www.eoiestepona.org\/web\/wp-json\/wp\/v2\/media\/6043"}],"wp:attachment":[{"href":"https:\/\/www.eoiestepona.org\/web\/wp-json\/wp\/v2\/media?parent=6042"}],"wp:term":[{"taxonomy":"category","embeddable":true,"href":"https:\/\/www.eoiestepona.org\/web\/wp-json\/wp\/v2\/categories?post=6042"},{"taxonomy":"post_tag","embeddable":true,"href":"https:\/\/www.eoiestepona.org\/web\/wp-json\/wp\/v2\/tags?post=6042"}],"curies":[{"name":"wp","href":"https:\/\/api.w.org\/{rel}","templated":true}]}}