{"id":6084,"date":"2025-04-01T08:27:46","date_gmt":"2025-04-01T06:27:46","guid":{"rendered":"https:\/\/www.eoiestepona.org\/web\/?p=6084"},"modified":"2025-04-01T08:27:46","modified_gmt":"2025-04-01T06:27:46","slug":"primer-dia-de-movilidad-en-el-cpia-5-de-turin-superado-con-exito","status":"publish","type":"post","link":"https:\/\/www.eoiestepona.org\/web\/primer-dia-de-movilidad-en-el-cpia-5-de-turin-superado-con-exito\/","title":{"rendered":"\u00a1Primer d\u00eda de movilidad en el CPIA 5 de Tur\u00edn superado con \u00e9xito!"},"content":{"rendered":"\n<p>Hoy hemos visitado la sede de R\u00edvoli, donde nuestras alumnas Luz, Yolanda, Lina, Patricia, To\u00f1i y Ana han participado activamente en una jornada repleta de actividades y clases junto al alumnado del centro.Han compartido experiencias en clases de ingl\u00e9s y franc\u00e9s, y han tenido la oportunidad de conocer de cerca el funcionamiento del CPIA gracias a la c\u00e1lida bienvenida y presentaci\u00f3n de Marina Di Tommaso, directora del centro, y Marina De Luca, coordinadora Erasmus.Adem\u00e1s, los alumnos de franc\u00e9s nos recibieron con una merienda deliciosa de platos t\u00edpicos de sus pa\u00edses, en un gesto de hospitalidad que nos hizo sentir como en casa.\u00a1Un primer d\u00eda intenso, enriquecedor y lleno de aprendizaje compartido!<\/p>\n\n\n\n<figure class=\"wp-block-image size-large\"><img loading=\"lazy\" decoding=\"async\" width=\"1024\" height=\"1024\" src=\"https:\/\/www.eoiestepona.org\/web\/wp-content\/uploads\/2025\/04\/1000048905-1024x1024.jpg\" alt=\"\" class=\"wp-image-6085\" srcset=\"https:\/\/www.eoiestepona.org\/web\/wp-content\/uploads\/2025\/04\/1000048905-1024x1024.jpg 1024w, https:\/\/www.eoiestepona.org\/web\/wp-content\/uploads\/2025\/04\/1000048905-300x300.jpg 300w, https:\/\/www.eoiestepona.org\/web\/wp-content\/uploads\/2025\/04\/1000048905-150x150.jpg 150w, https:\/\/www.eoiestepona.org\/web\/wp-content\/uploads\/2025\/04\/1000048905-768x768.jpg 768w, https:\/\/www.eoiestepona.org\/web\/wp-content\/uploads\/2025\/04\/1000048905-1536x1536.jpg 1536w, https:\/\/www.eoiestepona.org\/web\/wp-content\/uploads\/2025\/04\/1000048905.jpg 2048w\" sizes=\"auto, (max-width: 1024px) 100vw, 1024px\" \/><\/figure>\n","protected":false},"excerpt":{"rendered":"<p>Hoy hemos visitado la sede de R\u00edvoli, donde nuestras alumnas Luz, Yolanda, Lina, Patricia, To\u00f1i y Ana han participado activamente en una jornada repleta de actividades y clases junto al &#8230;<\/p>\n","protected":false},"author":2,"featured_media":6085,"comment_status":"closed","ping_status":"closed","sticky":false,"template":"","format":"standard","meta":{"footnotes":""},"categories":[40,20,19],"tags":[172,65,74],"class_list":["post-6084","post","type-post","status-publish","format-standard","has-post-thumbnail","hentry","category-erasmus","category-ingles","category-la-escuela","tag-cpia5torino","tag-eoiestepona","tag-erasmus-2"],"_links":{"self":[{"href":"https:\/\/www.eoiestepona.org\/web\/wp-json\/wp\/v2\/posts\/6084","targetHints":{"allow":["GET"]}}],"collection":[{"href":"https:\/\/www.eoiestepona.org\/web\/wp-json\/wp\/v2\/posts"}],"about":[{"href":"https:\/\/www.eoiestepona.org\/web\/wp-json\/wp\/v2\/types\/post"}],"author":[{"embeddable":true,"href":"https:\/\/www.eoiestepona.org\/web\/wp-json\/wp\/v2\/users\/2"}],"replies":[{"embeddable":true,"href":"https:\/\/www.eoiestepona.org\/web\/wp-json\/wp\/v2\/comments?post=6084"}],"version-history":[{"count":1,"href":"https:\/\/www.eoiestepona.org\/web\/wp-json\/wp\/v2\/posts\/6084\/revisions"}],"predecessor-version":[{"id":6086,"href":"https:\/\/www.eoiestepona.org\/web\/wp-json\/wp\/v2\/posts\/6084\/revisions\/6086"}],"wp:featuredmedia":[{"embeddable":true,"href":"https:\/\/www.eoiestepona.org\/web\/wp-json\/wp\/v2\/media\/6085"}],"wp:attachment":[{"href":"https:\/\/www.eoiestepona.org\/web\/wp-json\/wp\/v2\/media?parent=6084"}],"wp:term":[{"taxonomy":"category","embeddable":true,"href":"https:\/\/www.eoiestepona.org\/web\/wp-json\/wp\/v2\/categories?post=6084"},{"taxonomy":"post_tag","embeddable":true,"href":"https:\/\/www.eoiestepona.org\/web\/wp-json\/wp\/v2\/tags?post=6084"}],"curies":[{"name":"wp","href":"https:\/\/api.w.org\/{rel}","templated":true}]}}