{"id":6116,"date":"2025-04-10T18:24:41","date_gmt":"2025-04-10T16:24:41","guid":{"rendered":"https:\/\/www.eoiestepona.org\/web\/?p=6116"},"modified":"2025-04-10T18:24:41","modified_gmt":"2025-04-10T16:24:41","slug":"compartiendo-experiencias","status":"publish","type":"post","link":"https:\/\/www.eoiestepona.org\/web\/compartiendo-experiencias\/","title":{"rendered":"Compartiendo experiencias"},"content":{"rendered":"\n<p>Hoy hemos tenido el placer de escuchar el testimonio inspirador de <strong>To\u00f1i Montes<\/strong>, alumna del grupo <strong>B2.2 Semipresencial de ingl\u00e9s<\/strong>, quien ha compartido con sus compa\u00f1eros y compa\u00f1eras su experiencia en la <strong>\u00faltima movilidad de grupo al CPIA 5 Tur\u00edn (Italia)<\/strong>, dentro del <strong>proyecto acreditado Erasmus+<\/strong> de la <strong>EOI Estepona<\/strong>.<\/p>\n\n\n\n<p>To\u00f1i ha relatado con entusiasmo c\u00f3mo vivi\u00f3 esta oportunidad \u00fanica de aprendizaje internacional, no solo mejorando su competencia ling\u00fc\u00edstica, sino tambi\u00e9n conociendo otras culturas, haciendo nuevas amistades y participando en actividades educativas en un entorno europeo.<\/p>\n\n\n\n<p>Durante su intervenci\u00f3n, destac\u00f3 el valor de enfrentarse a nuevas situaciones en otro idioma, la riqueza del intercambio cultural y la confianza que ha ganado como aprendiz de lenguas. Tambi\u00e9n anim\u00f3 al resto del alumnado a participar en futuras movilidades y aprovechar al m\u00e1ximo todo lo que el programa Erasmus+ ofrece.<\/p>\n\n\n\n<p>Desde la EOI Estepona, agradecemos a To\u00f1i su generosidad al compartir su vivencia y su motivaci\u00f3n, que sin duda ha inspirado a m\u00e1s estudiantes a abrir las puertas a nuevas experiencias. \ud83c\udf0d\ud83d\udcac\u2708\ufe0f<\/p>\n\n\n\n<figure class=\"wp-block-image size-large\"><img loading=\"lazy\" decoding=\"async\" width=\"1024\" height=\"1024\" src=\"https:\/\/www.eoiestepona.org\/web\/wp-content\/uploads\/2025\/04\/WhatsApp-Image-2025-04-10-at-18.16.26-1024x1024.jpeg\" alt=\"\" class=\"wp-image-6117\" srcset=\"https:\/\/www.eoiestepona.org\/web\/wp-content\/uploads\/2025\/04\/WhatsApp-Image-2025-04-10-at-18.16.26-1024x1024.jpeg 1024w, https:\/\/www.eoiestepona.org\/web\/wp-content\/uploads\/2025\/04\/WhatsApp-Image-2025-04-10-at-18.16.26-300x300.jpeg 300w, https:\/\/www.eoiestepona.org\/web\/wp-content\/uploads\/2025\/04\/WhatsApp-Image-2025-04-10-at-18.16.26-150x150.jpeg 150w, https:\/\/www.eoiestepona.org\/web\/wp-content\/uploads\/2025\/04\/WhatsApp-Image-2025-04-10-at-18.16.26-768x768.jpeg 768w, https:\/\/www.eoiestepona.org\/web\/wp-content\/uploads\/2025\/04\/WhatsApp-Image-2025-04-10-at-18.16.26-1536x1536.jpeg 1536w, https:\/\/www.eoiestepona.org\/web\/wp-content\/uploads\/2025\/04\/WhatsApp-Image-2025-04-10-at-18.16.26.jpeg 2048w\" sizes=\"auto, (max-width: 1024px) 100vw, 1024px\" \/><\/figure>\n","protected":false},"excerpt":{"rendered":"<p>Hoy hemos tenido el placer de escuchar el testimonio inspirador de To\u00f1i Montes, alumna del grupo B2.2 Semipresencial de ingl\u00e9s, quien ha compartido con sus compa\u00f1eros y compa\u00f1eras su experiencia &#8230;<\/p>\n","protected":false},"author":2,"featured_media":6117,"comment_status":"closed","ping_status":"closed","sticky":false,"template":"","format":"standard","meta":{"footnotes":""},"categories":[40,19],"tags":[],"class_list":["post-6116","post","type-post","status-publish","format-standard","has-post-thumbnail","hentry","category-erasmus","category-la-escuela"],"_links":{"self":[{"href":"https:\/\/www.eoiestepona.org\/web\/wp-json\/wp\/v2\/posts\/6116","targetHints":{"allow":["GET"]}}],"collection":[{"href":"https:\/\/www.eoiestepona.org\/web\/wp-json\/wp\/v2\/posts"}],"about":[{"href":"https:\/\/www.eoiestepona.org\/web\/wp-json\/wp\/v2\/types\/post"}],"author":[{"embeddable":true,"href":"https:\/\/www.eoiestepona.org\/web\/wp-json\/wp\/v2\/users\/2"}],"replies":[{"embeddable":true,"href":"https:\/\/www.eoiestepona.org\/web\/wp-json\/wp\/v2\/comments?post=6116"}],"version-history":[{"count":1,"href":"https:\/\/www.eoiestepona.org\/web\/wp-json\/wp\/v2\/posts\/6116\/revisions"}],"predecessor-version":[{"id":6118,"href":"https:\/\/www.eoiestepona.org\/web\/wp-json\/wp\/v2\/posts\/6116\/revisions\/6118"}],"wp:featuredmedia":[{"embeddable":true,"href":"https:\/\/www.eoiestepona.org\/web\/wp-json\/wp\/v2\/media\/6117"}],"wp:attachment":[{"href":"https:\/\/www.eoiestepona.org\/web\/wp-json\/wp\/v2\/media?parent=6116"}],"wp:term":[{"taxonomy":"category","embeddable":true,"href":"https:\/\/www.eoiestepona.org\/web\/wp-json\/wp\/v2\/categories?post=6116"},{"taxonomy":"post_tag","embeddable":true,"href":"https:\/\/www.eoiestepona.org\/web\/wp-json\/wp\/v2\/tags?post=6116"}],"curies":[{"name":"wp","href":"https:\/\/api.w.org\/{rel}","templated":true}]}}