{"id":6203,"date":"2025-04-29T22:31:42","date_gmt":"2025-04-29T20:31:42","guid":{"rendered":"https:\/\/www.eoiestepona.org\/web\/?p=6203"},"modified":"2025-04-29T22:31:42","modified_gmt":"2025-04-29T20:31:42","slug":"visita-al-cpia-caltanissetta-enna","status":"publish","type":"post","link":"https:\/\/www.eoiestepona.org\/web\/visita-al-cpia-caltanissetta-enna\/","title":{"rendered":"Visita al CPIA Caltanissetta Enna"},"content":{"rendered":"\n<p>Dentro del proyecto Acreditado Erasmus+ 2024-1-ES01-KA121-ADU-000203934, nuestro director est\u00e1 realizando esta semana, junto a la EOI Fuengirola, una movilidad de observaci\u00f3n en el CPIA Caltanissetta-Enna, en la isla de Sicilia. Este centro, referente en la educaci\u00f3n de personas adultas en Italia, se extiende por dos provincias y cuenta con una treintena de sedes repartidas por el territorio.<\/p>\n\n\n\n<p>Gracias a la hospitalidad y colaboraci\u00f3n del director del CPIA, Giovanni Bevilacqua, y de todo su equipo, estamos conociendo en profundidad la estructura, el funcionamiento y las buenas pr\u00e1cticas de esta instituci\u00f3n tan inspiradora. Su implicaci\u00f3n y generosidad nos est\u00e1n ofreciendo una visi\u00f3n completa de todos los aspectos que hacen del CPIA un modelo de referencia.<\/p>\n\n\n\n<figure class=\"wp-block-image size-large\"><img loading=\"lazy\" decoding=\"async\" width=\"1024\" height=\"1024\" src=\"https:\/\/www.eoiestepona.org\/web\/wp-content\/uploads\/2025\/04\/20250429_220308-1024x1024.jpg\" alt=\"\" class=\"wp-image-6204\" srcset=\"https:\/\/www.eoiestepona.org\/web\/wp-content\/uploads\/2025\/04\/20250429_220308-1024x1024.jpg 1024w, https:\/\/www.eoiestepona.org\/web\/wp-content\/uploads\/2025\/04\/20250429_220308-300x300.jpg 300w, https:\/\/www.eoiestepona.org\/web\/wp-content\/uploads\/2025\/04\/20250429_220308-150x150.jpg 150w, https:\/\/www.eoiestepona.org\/web\/wp-content\/uploads\/2025\/04\/20250429_220308-768x768.jpg 768w, https:\/\/www.eoiestepona.org\/web\/wp-content\/uploads\/2025\/04\/20250429_220308-1536x1536.jpg 1536w, https:\/\/www.eoiestepona.org\/web\/wp-content\/uploads\/2025\/04\/20250429_220308-2048x2048.jpg 2048w\" sizes=\"auto, (max-width: 1024px) 100vw, 1024px\" \/><\/figure>\n","protected":false},"excerpt":{"rendered":"<p>Dentro del proyecto Acreditado Erasmus+ 2024-1-ES01-KA121-ADU-000203934, nuestro director est\u00e1 realizando esta semana, junto a la EOI Fuengirola, una movilidad de observaci\u00f3n en el CPIA Caltanissetta-Enna, en la isla de Sicilia. &#8230;<\/p>\n","protected":false},"author":2,"featured_media":6204,"comment_status":"closed","ping_status":"closed","sticky":false,"template":"","format":"standard","meta":{"footnotes":""},"categories":[40,19],"tags":[],"class_list":["post-6203","post","type-post","status-publish","format-standard","has-post-thumbnail","hentry","category-erasmus","category-la-escuela"],"_links":{"self":[{"href":"https:\/\/www.eoiestepona.org\/web\/wp-json\/wp\/v2\/posts\/6203","targetHints":{"allow":["GET"]}}],"collection":[{"href":"https:\/\/www.eoiestepona.org\/web\/wp-json\/wp\/v2\/posts"}],"about":[{"href":"https:\/\/www.eoiestepona.org\/web\/wp-json\/wp\/v2\/types\/post"}],"author":[{"embeddable":true,"href":"https:\/\/www.eoiestepona.org\/web\/wp-json\/wp\/v2\/users\/2"}],"replies":[{"embeddable":true,"href":"https:\/\/www.eoiestepona.org\/web\/wp-json\/wp\/v2\/comments?post=6203"}],"version-history":[{"count":1,"href":"https:\/\/www.eoiestepona.org\/web\/wp-json\/wp\/v2\/posts\/6203\/revisions"}],"predecessor-version":[{"id":6205,"href":"https:\/\/www.eoiestepona.org\/web\/wp-json\/wp\/v2\/posts\/6203\/revisions\/6205"}],"wp:featuredmedia":[{"embeddable":true,"href":"https:\/\/www.eoiestepona.org\/web\/wp-json\/wp\/v2\/media\/6204"}],"wp:attachment":[{"href":"https:\/\/www.eoiestepona.org\/web\/wp-json\/wp\/v2\/media?parent=6203"}],"wp:term":[{"taxonomy":"category","embeddable":true,"href":"https:\/\/www.eoiestepona.org\/web\/wp-json\/wp\/v2\/categories?post=6203"},{"taxonomy":"post_tag","embeddable":true,"href":"https:\/\/www.eoiestepona.org\/web\/wp-json\/wp\/v2\/tags?post=6203"}],"curies":[{"name":"wp","href":"https:\/\/api.w.org\/{rel}","templated":true}]}}