{"id":6642,"date":"2026-01-16T08:41:42","date_gmt":"2026-01-16T07:41:42","guid":{"rendered":"https:\/\/www.eoiestepona.org\/web\/?p=6642"},"modified":"2026-01-16T15:08:25","modified_gmt":"2026-01-16T14:08:25","slug":"%f0%9f%a4%96%e2%9c%a8-inteligencia-artificial-en-la-eoi-estepona-%e2%9c%a8%f0%9f%a4%96","status":"publish","type":"post","link":"https:\/\/www.eoiestepona.org\/web\/%f0%9f%a4%96%e2%9c%a8-inteligencia-artificial-en-la-eoi-estepona-%e2%9c%a8%f0%9f%a4%96\/","title":{"rendered":"\ud83e\udd16\u2728 Inteligencia Artificial en la EOI Estepona \u2728\ud83e\udd16"},"content":{"rendered":"\n<p><\/p>\n\n\n\n<p>Ayer celebramos en la <strong>Escuela Oficial de Idiomas de Estepona<\/strong> un nuevo <strong>taller sobre inteligencia artificial aplicada al aprendizaje de idiomas<\/strong>, impartido por nuestro director, <strong>Juan Ortiz<\/strong>. El alumnado pudo conocer de forma pr\u00e1ctica c\u00f3mo la IA puede ayudarles a mejorar y aprovechar al m\u00e1ximo su estudio de lenguas.<\/p>\n\n\n\n<p>\ud83d\udce3 <strong>\u00a1Fue todo un \u00e9xito!<\/strong> Tanto que hubo lista de espera.<br>Por ello, <strong>repetimos el taller por tercera vez el pr\u00f3ximo 28 de enero a las 18:00 h<\/strong>.<\/p>\n\n\n\n<p>En la EOI Estepona seguimos apostando por la <strong>innovaci\u00f3n y el aprendizaje del futuro<\/strong>.<br>\u00a1Os esperamos! \ud83d\ude80\ud83d\udcda<\/p>\n\n\n\n<figure class=\"wp-block-image size-large\"><img loading=\"lazy\" decoding=\"async\" width=\"1024\" height=\"1024\" src=\"https:\/\/www.eoiestepona.org\/web\/wp-content\/uploads\/2026\/01\/WhatsApp-Image-2026-01-16-at-08.30.12-1024x1024.jpeg\" alt=\"\" class=\"wp-image-6643\" srcset=\"https:\/\/www.eoiestepona.org\/web\/wp-content\/uploads\/2026\/01\/WhatsApp-Image-2026-01-16-at-08.30.12-1024x1024.jpeg 1024w, https:\/\/www.eoiestepona.org\/web\/wp-content\/uploads\/2026\/01\/WhatsApp-Image-2026-01-16-at-08.30.12-300x300.jpeg 300w, https:\/\/www.eoiestepona.org\/web\/wp-content\/uploads\/2026\/01\/WhatsApp-Image-2026-01-16-at-08.30.12-150x150.jpeg 150w, https:\/\/www.eoiestepona.org\/web\/wp-content\/uploads\/2026\/01\/WhatsApp-Image-2026-01-16-at-08.30.12-768x768.jpeg 768w, https:\/\/www.eoiestepona.org\/web\/wp-content\/uploads\/2026\/01\/WhatsApp-Image-2026-01-16-at-08.30.12.jpeg 1440w\" sizes=\"auto, (max-width: 1024px) 100vw, 1024px\" \/><\/figure>\n\n\n\n<div style=\"position: relative; width: 100%; height: 0; padding-top: 56.2500%;\n padding-bottom: 0; box-shadow: 0 2px 8px 0 rgba(63,69,81,0.16); margin-top: 1.6em; margin-bottom: 0.9em; overflow: hidden;\n border-radius: 8px; will-change: transform;\">\n  <iframe loading=\"lazy\" style=\"position: absolute; width: 100%; height: 100%; top: 0; left: 0; border: none; padding: 0;margin: 0;\"\n    src=\"https:\/\/www.canva.com\/design\/DAG7AhQuJ8M\/kEf72uRtp06Sv_8OHO0Pjg\/view?embed\" allowfullscreen=\"allowfullscreen\" allow=\"fullscreen\">\n  <\/iframe>\n<\/div>\n<a href=\"https:&#x2F;&#x2F;www.canva.com&#x2F;design&#x2F;DAG7AhQuJ8M&#x2F;kEf72uRtp06Sv_8OHO0Pjg&#x2F;view?utm_content=DAG7AhQuJ8M&amp;utm_campaign=designshare&amp;utm_medium=embeds&amp;utm_source=link\" target=\"_blank\" rel=\"noopener\">Presentation &#8211; Aprendizaje de Idiomas<\/a> by JUAN ANTONIO ORTIZ CANTOS\n","protected":false},"excerpt":{"rendered":"<p>Ayer celebramos en la Escuela Oficial de Idiomas de Estepona un nuevo taller sobre inteligencia artificial aplicada al aprendizaje de idiomas, impartido por nuestro director, Juan Ortiz. El alumnado pudo &#8230;<\/p>\n","protected":false},"author":2,"featured_media":6643,"comment_status":"closed","ping_status":"closed","sticky":false,"template":"","format":"standard","meta":{"footnotes":""},"categories":[1],"tags":[],"class_list":["post-6642","post","type-post","status-publish","format-standard","has-post-thumbnail","hentry","category-sin-categoria"],"_links":{"self":[{"href":"https:\/\/www.eoiestepona.org\/web\/wp-json\/wp\/v2\/posts\/6642","targetHints":{"allow":["GET"]}}],"collection":[{"href":"https:\/\/www.eoiestepona.org\/web\/wp-json\/wp\/v2\/posts"}],"about":[{"href":"https:\/\/www.eoiestepona.org\/web\/wp-json\/wp\/v2\/types\/post"}],"author":[{"embeddable":true,"href":"https:\/\/www.eoiestepona.org\/web\/wp-json\/wp\/v2\/users\/2"}],"replies":[{"embeddable":true,"href":"https:\/\/www.eoiestepona.org\/web\/wp-json\/wp\/v2\/comments?post=6642"}],"version-history":[{"count":1,"href":"https:\/\/www.eoiestepona.org\/web\/wp-json\/wp\/v2\/posts\/6642\/revisions"}],"predecessor-version":[{"id":6644,"href":"https:\/\/www.eoiestepona.org\/web\/wp-json\/wp\/v2\/posts\/6642\/revisions\/6644"}],"wp:featuredmedia":[{"embeddable":true,"href":"https:\/\/www.eoiestepona.org\/web\/wp-json\/wp\/v2\/media\/6643"}],"wp:attachment":[{"href":"https:\/\/www.eoiestepona.org\/web\/wp-json\/wp\/v2\/media?parent=6642"}],"wp:term":[{"taxonomy":"category","embeddable":true,"href":"https:\/\/www.eoiestepona.org\/web\/wp-json\/wp\/v2\/categories?post=6642"},{"taxonomy":"post_tag","embeddable":true,"href":"https:\/\/www.eoiestepona.org\/web\/wp-json\/wp\/v2\/tags?post=6642"}],"curies":[{"name":"wp","href":"https:\/\/api.w.org\/{rel}","templated":true}]}}