{"id":6762,"date":"2026-03-30T09:43:36","date_gmt":"2026-03-30T07:43:36","guid":{"rendered":"https:\/\/www.eoiestepona.org\/web\/?p=6762"},"modified":"2026-03-30T09:43:36","modified_gmt":"2026-03-30T07:43:36","slug":"%f0%9f%8c%8d%e2%9c%88%ef%b8%8f-fin-de-la-movilidad-erasmus-en-napoles","status":"publish","type":"post","link":"https:\/\/www.eoiestepona.org\/web\/%f0%9f%8c%8d%e2%9c%88%ef%b8%8f-fin-de-la-movilidad-erasmus-en-napoles\/","title":{"rendered":"\ud83c\udf0d\u2708\ufe0f Fin de la movilidad Erasmus+ en N\u00e1poles"},"content":{"rendered":"\n<p>Nuestros alumnos <strong>Roxana, Juan Andr\u00e9s y Jorge<\/strong> ya han finalizado su estancia en el <strong>CPIA Napoli Citt\u00e0 2 (Italia)<\/strong> \ud83c\uddee\ud83c\uddf9, poniendo as\u00ed el broche final a una semana intensa y llena de aprendizaje.<\/p>\n\n\n\n<p>Durante esta movilidad, han compartido experiencias con alumnado y profesorado de toda Europa, participando en <strong>clases, actividades culturales y el programa Heritalk<\/strong>, centrado en la relaci\u00f3n entre <strong>idiomas y cultura<\/strong>. Adem\u00e1s, han representado a la <strong>EOI Estepona<\/strong>, mostrando c\u00f3mo trabajamos el aprendizaje de lenguas desde una perspectiva abierta, comunicativa e intercultural.<\/p>\n\n\n\n<p>Regresan con la maleta llena de nuevas ideas, vivencias inolvidables y, sobre todo, con una visi\u00f3n a\u00fan m\u00e1s amplia de lo que significa aprender idiomas en un contexto europeo \ud83d\udc99\ud83c\uddea\ud83c\uddfa<\/p>\n\n\n\n<figure class=\"wp-block-image size-large\"><img loading=\"lazy\" decoding=\"async\" width=\"1024\" height=\"1024\" src=\"https:\/\/www.eoiestepona.org\/web\/wp-content\/uploads\/2026\/03\/WhatsApp-Image-2026-03-30-at-09.29.38-1024x1024.jpeg\" alt=\"\" class=\"wp-image-6763\" srcset=\"https:\/\/www.eoiestepona.org\/web\/wp-content\/uploads\/2026\/03\/WhatsApp-Image-2026-03-30-at-09.29.38-1024x1024.jpeg 1024w, https:\/\/www.eoiestepona.org\/web\/wp-content\/uploads\/2026\/03\/WhatsApp-Image-2026-03-30-at-09.29.38-300x300.jpeg 300w, https:\/\/www.eoiestepona.org\/web\/wp-content\/uploads\/2026\/03\/WhatsApp-Image-2026-03-30-at-09.29.38-150x150.jpeg 150w, https:\/\/www.eoiestepona.org\/web\/wp-content\/uploads\/2026\/03\/WhatsApp-Image-2026-03-30-at-09.29.38-768x768.jpeg 768w, https:\/\/www.eoiestepona.org\/web\/wp-content\/uploads\/2026\/03\/WhatsApp-Image-2026-03-30-at-09.29.38-1536x1536.jpeg 1536w, https:\/\/www.eoiestepona.org\/web\/wp-content\/uploads\/2026\/03\/WhatsApp-Image-2026-03-30-at-09.29.38.jpeg 2048w\" sizes=\"auto, (max-width: 1024px) 100vw, 1024px\" \/><\/figure>\n","protected":false},"excerpt":{"rendered":"<p>Nuestros alumnos Roxana, Juan Andr\u00e9s y Jorge ya han finalizado su estancia en el CPIA Napoli Citt\u00e0 2 (Italia) \ud83c\uddee\ud83c\uddf9, poniendo as\u00ed el broche final a una semana intensa y &#8230;<\/p>\n","protected":false},"author":2,"featured_media":6763,"comment_status":"closed","ping_status":"closed","sticky":false,"template":"","format":"standard","meta":{"footnotes":""},"categories":[1],"tags":[],"class_list":["post-6762","post","type-post","status-publish","format-standard","has-post-thumbnail","hentry","category-sin-categoria"],"_links":{"self":[{"href":"https:\/\/www.eoiestepona.org\/web\/wp-json\/wp\/v2\/posts\/6762","targetHints":{"allow":["GET"]}}],"collection":[{"href":"https:\/\/www.eoiestepona.org\/web\/wp-json\/wp\/v2\/posts"}],"about":[{"href":"https:\/\/www.eoiestepona.org\/web\/wp-json\/wp\/v2\/types\/post"}],"author":[{"embeddable":true,"href":"https:\/\/www.eoiestepona.org\/web\/wp-json\/wp\/v2\/users\/2"}],"replies":[{"embeddable":true,"href":"https:\/\/www.eoiestepona.org\/web\/wp-json\/wp\/v2\/comments?post=6762"}],"version-history":[{"count":1,"href":"https:\/\/www.eoiestepona.org\/web\/wp-json\/wp\/v2\/posts\/6762\/revisions"}],"predecessor-version":[{"id":6764,"href":"https:\/\/www.eoiestepona.org\/web\/wp-json\/wp\/v2\/posts\/6762\/revisions\/6764"}],"wp:featuredmedia":[{"embeddable":true,"href":"https:\/\/www.eoiestepona.org\/web\/wp-json\/wp\/v2\/media\/6763"}],"wp:attachment":[{"href":"https:\/\/www.eoiestepona.org\/web\/wp-json\/wp\/v2\/media?parent=6762"}],"wp:term":[{"taxonomy":"category","embeddable":true,"href":"https:\/\/www.eoiestepona.org\/web\/wp-json\/wp\/v2\/categories?post=6762"},{"taxonomy":"post_tag","embeddable":true,"href":"https:\/\/www.eoiestepona.org\/web\/wp-json\/wp\/v2\/tags?post=6762"}],"curies":[{"name":"wp","href":"https:\/\/api.w.org\/{rel}","templated":true}]}}